{"id":3059,"date":"2012-12-14T16:19:11","date_gmt":"2012-12-14T15:19:11","guid":{"rendered":"http:\/\/www.cegea.upv.es\/?p=3059"},"modified":"2017-11-28T17:50:42","modified_gmt":"2017-11-28T16:50:42","slug":"jornadas-2012-2","status":"publish","type":"post","link":"https:\/\/cegea.upv.es\/?p=3059","title":{"rendered":"Jornadas 2012"},"content":{"rendered":"<p>El pasado viernes 14 de diciembre, se celebr\u00f3 la<strong>\u00a0II jornada sobre Emprendimiento Social y Colectivo .<\/strong><\/p>\n<p>&nbsp;<\/p>\n<p><em><strong>FOLLETO:<\/strong><\/em><\/p>\n<ul>\n<li><a href=\"http:\/\/www.cegea.upv.es\/wp-content\/uploads\/2017\/10\/Folleto-jornada-1.pdf\">Folleto-jornada<\/a><\/li>\n<\/ul>\n<p><em><strong>COMUNICACIONES:<\/strong><\/em><\/p>\n<ul>\n<li><a href=\"http:\/\/www.cegea.upv.es\/wp-content\/uploads\/2017\/10\/\u00bfEstimula-la-universidad-el-emprendimiento-acad\u00e9mico-An\u00e1lisis-de-los-recursos-organizativos-de-apoyo-a-la-creaci\u00f3n-de-spin-offs-en-la-Unive-2.docx\">\u00bfEstimula la universidad el emprendimiento acad\u00e9mico An\u00e1lisis de los recursos organizativos de apoyo a la creaci\u00f3n de spin-offs en la Unive<\/a><\/li>\n<li><a href=\"http:\/\/www.cegea.upv.es\/wp-content\/uploads\/2017\/10\/\u201cLos-grupos-de-inter\u00e9s-y-la-cultura-emprendedora-como-claves-del-\u00e9xito-en-las-Entidades-de-Econom\u00eda-Social\u201d-2.docx\">\u201cLos grupos de inter\u00e9s y la cultura emprendedora como claves del \u00e9xito en las Entidades de Econom\u00eda Social\u201d<\/a><\/li>\n<li><a href=\"http:\/\/www.cegea.upv.es\/wp-content\/uploads\/2017\/10\/AN\u00c1LISIS-DE-LOS-EFECTOS-DE-LA-INTRODUCCI\u00d3N-DE-LAS-NORMAS-SOBRE-LOS-ASPECTOS-CONTABLES-DE-LAS-SOCIEDADES-COOPERATIVAS-ORDEN-EHA33602010-2.docx\">AN\u00c1LISIS DE LOS EFECTOS DE LA INTRODUCCI\u00d3N DE LAS NORMAS SOBRE LOS ASPECTOS CONTABLES DE LAS SOCIEDADES COOPERATIVAS (ORDEN EHA33602010)<\/a><\/li>\n<li><a href=\"http:\/\/www.cegea.upv.es\/wp-content\/uploads\/2017\/10\/An\u00e1lisis-de-los-factores-personales-y-grupales-en-la-creaci\u00f3n-de-spin-off-acad\u00e9micas-El-caso-estudio-de-la-Universitat-Polit\u00e8cnica-de-Val\u00e8nc-2.docx\">An\u00e1lisis de los factores personales y grupales en la creaci\u00f3n de spin-off acad\u00e9micas El caso estudio de la Universitat Polit\u00e8cnica de Val\u00e8nc<\/a><\/li>\n<li><a href=\"http:\/\/www.cegea.upv.es\/wp-content\/uploads\/2017\/10\/APRENDER-A-EMPRENDER-BUENAS-PR\u00c1CTICAS-DE-LAS-COOPERATIVAS-EN-EL-\u00c1MBITO-EDUCATIVO.-LA-INTERACCI\u00d3N-UNIVERSIDAD-EMPRESA-2.docx\">APRENDER A EMPRENDER BUENAS PR\u00c1CTICAS DE LAS COOPERATIVAS EN EL \u00c1MBITO EDUCATIVO. LA INTERACCI\u00d3N UNIVERSIDAD-EMPRESA<\/a><\/li>\n<li><a href=\"http:\/\/www.cegea.upv.es\/wp-content\/uploads\/2017\/10\/Aproximaci\u00f3n-a-la-Econom\u00eda-Social-aplicada-en-Parques-y-Paisajes-Culturales-en-Espa\u00f1a-.-2.docx\">Aproximaci\u00f3n a la Econom\u00eda Social aplicada en Parques y Paisajes Culturales en Espa\u00f1a .<\/a><\/li>\n<li><a href=\"http:\/\/www.cegea.upv.es\/wp-content\/uploads\/2017\/10\/APROXIMACI\u00d3N-A-LAS-DIFERENCIAS-DE-VOLUNTARIADO-JUVENIL-EN-PAISES-EUROPEOS\u201d-2.doc\">APROXIMACI\u00d3N A LAS DIFERENCIAS DE VOLUNTARIADO JUVENIL EN PAISES EUROPEOS\u201d<\/a><\/li>\n<li><a href=\"http:\/\/www.cegea.upv.es\/wp-content\/uploads\/2017\/10\/Determinaci\u00f3n-del-logro-empresarial-en-cooperativas-agrarias-aproximaci\u00f3n-emp\u00edrica-a-trav\u00e9s-de-t\u00e9cnicas-multivariante-2.docx\">Determinaci\u00f3n del logro empresarial en cooperativas agrarias aproximaci\u00f3n emp\u00edrica a trav\u00e9s de t\u00e9cnicas multivariante<\/a><\/li>\n<li><a href=\"http:\/\/www.cegea.upv.es\/wp-content\/uploads\/2017\/10\/EL-CAPITAL-SOCIAL-EN-LAS-EMPRESAS-DE-INSERCI\u00d3N-DE-LA-COMUNIDAD-VALENCIANA.-UN-ESTUDIO-EMPIRICO-2.docx\">EL CAPITAL SOCIAL EN LAS EMPRESAS DE INSERCI\u00d3N DE LA COMUNIDAD VALENCIANA. UN ESTUDIO EMPIRICO<\/a><\/li>\n<li><a href=\"http:\/\/www.cegea.upv.es\/wp-content\/uploads\/2017\/10\/El-emprendimiento-social-y-responsable-como-innovaci\u00f3n-desde-la-econom\u00eda-social.-2.doc\">El emprendimiento social y responsable como innovaci\u00f3n desde la econom\u00eda social.<\/a><\/li>\n<li><a href=\"http:\/\/www.cegea.upv.es\/wp-content\/uploads\/2017\/10\/EL-MOOC-COMO-MODELO-DE-ENSE\u00d1ANZA-APRENDIZAJE-DEL-EMPRENDIMIENTO-SOCIAL-2.doc\">EL MOOC COMO MODELO DE ENSE\u00d1ANZA-APRENDIZAJE DEL EMPRENDIMIENTO SOCIAL<\/a><\/li>\n<li><a href=\"http:\/\/www.cegea.upv.es\/wp-content\/uploads\/2017\/10\/El-uso-de-sitios-Web-por-las-cooperativas-agrarias-murcianas-2.docx\">El uso de sitios Web por las cooperativas agrarias murcianas<\/a><\/li>\n<li><a href=\"http:\/\/www.cegea.upv.es\/wp-content\/uploads\/2017\/10\/Empleo-y-modelo-cooperativo-2.docx\">Empleo y modelo cooperativo<\/a><\/li>\n<li><a href=\"http:\/\/www.cegea.upv.es\/wp-content\/uploads\/2017\/10\/ESTUDIO-DE-LAS-HERRAMIENTAS-DE-APOYO-AL-EMPRENDIMIENTO-EN-LAS-COOPERATIVAS-DE-CR\u00c9DITO-ESPA\u00d1OLAS-UN-AN\u00c1LISIS-A-TRAV\u00c9S-DE-SUS-MEMORIAS-SOCIALES-2.docx\">ESTUDIO DE LAS HERRAMIENTAS DE APOYO AL EMPRENDIMIENTO EN LAS COOPERATIVAS DE CR\u00c9DITO ESPA\u00d1OLAS UN AN\u00c1LISIS A TRAV\u00c9S DE SUS MEMORIAS SOCIALES<\/a><\/li>\n<li><a href=\"http:\/\/www.cegea.upv.es\/wp-content\/uploads\/2017\/10\/Fases-del-proceso-de-creacion-de-una-empresa-social-2.doc\">Fases del proceso de creacion de una empresa social<\/a><\/li>\n<li><a href=\"http:\/\/www.cegea.upv.es\/wp-content\/uploads\/2017\/10\/HETEROGENEIDAD-OPORTUNISMO-Y-DISPOSICI\u00d3N-A-INVERTIR-DE-LOS-SOCIOS-EN-LAS-COOPERATIVAS-AGRARIAS-ESPA\u00d1OLAS-E-ITALIANAS-2.doc\">HETEROGENEIDAD, OPORTUNISMO Y DISPOSICI\u00d3N A INVERTIR DE LOS SOCIOS EN LAS COOPERATIVAS AGRARIAS ESPA\u00d1OLAS E ITALIANAS<\/a><\/li>\n<li><a href=\"http:\/\/www.cegea.upv.es\/wp-content\/uploads\/2017\/10\/Innovaci\u00f3n-cooperativas-vitivinicolas-2.docx\">Innovaci\u00f3n cooperativas vitivinicolas<\/a><\/li>\n<li><a href=\"http:\/\/www.cegea.upv.es\/wp-content\/uploads\/2017\/10\/LAS-P\u00c9RDIDAS-EN-LAS-COOPERATIVAS-Y-SUS-IMPLICACIONES-TRIBUTARIAS-2.docx\">LAS P\u00c9RDIDAS EN LAS COOPERATIVAS Y SUS IMPLICACIONES TRIBUTARIAS<\/a><\/li>\n<li><a href=\"http:\/\/www.cegea.upv.es\/wp-content\/uploads\/2017\/10\/Los-factores-determinantes-del-movimiento-emprendedor-y-de-la-responsabilidad-social-RSO-en-las-organizaciones-no-lucrativas-ONL-2.docx\">Los factores determinantes del movimiento emprendedor y de la responsabilidad social (RSO) en las organizaciones no lucrativas (ONL)<\/a><\/li>\n<li><a href=\"http:\/\/www.cegea.upv.es\/wp-content\/uploads\/2017\/10\/LOS-OBJETIVOS-DE-LA-COOPERATIVA-Y-LAS-MOTIVACI\u00d3NES-DE-SUS-SOCIOS-A-COOOPERAR.-UNA-PROPUESTA-CONCEPTUAL-2.doc\">LOS OBJETIVOS DE LA COOPERATIVA Y LAS MOTIVACI\u00d3NES DE SUS SOCIOS A COOOPERAR. UNA PROPUESTA CONCEPTUAL<\/a><\/li>\n<li><a href=\"http:\/\/www.cegea.upv.es\/wp-content\/uploads\/2017\/10\/LOS-VALORES-DE-LA-ECONOM\u00cdA-SOCIAL-EN-LA-IGUALDAD-DE-OPORTUNIDADES.-UNA-PERSPECTIVA-DE-G\u00c9NERO-2.doc\">LOS VALORES DE LA ECONOM\u00cdA SOCIAL EN LA IGUALDAD DE OPORTUNIDADES. UNA PERSPECTIVA DE G\u00c9NERO<\/a><\/li>\n<li><a href=\"http:\/\/www.cegea.upv.es\/wp-content\/uploads\/2017\/10\/Marco-regulatorio-e-institucional-de-la-empresa-social.-Un-estudio-comparativo-entre-Reino-Unido-y-Espa\u00f1a-.-2.docx\">Marco regulatorio e institucional de la empresa social. Un estudio comparativo entre Reino Unido y Espa\u00f1a .<\/a><\/li>\n<li><a href=\"http:\/\/www.cegea.upv.es\/wp-content\/uploads\/2017\/10\/Modelos-de-crecimiento-de-las-cooperativas-Agroalimentarias-en-la-Uni\u00f3n-Europea.-2.docx\">Modelos de crecimiento de las cooperativas Agroalimentarias en la Uni\u00f3n Europea.<\/a><\/li>\n<li><a href=\"http:\/\/www.cegea.upv.es\/wp-content\/uploads\/2017\/10\/Motivaciones-del-emprendedor-cooperativo-en-Arag\u00f3n-2.docx\">Motivaciones del emprendedor cooperativo en Arag\u00f3n<\/a><\/li>\n<\/ul>\n<p><em><strong>PRESENTACIONES:<\/strong><\/em><\/p>\n<ul>\n<li><a href=\"http:\/\/www.cegea.upv.es\/wp-content\/uploads\/2017\/10\/Aproximaci\u00f3n-al-emprendimiento-social-a-trav\u00e9s-de-la-colaboraci\u00f3n-Universidad-Empresa.pdf\">Aproximaci\u00f3n al emprendimiento social a trav\u00e9s de la colaboraci\u00f3n Universidad -Empresa<\/a><\/li>\n<li><a href=\"http:\/\/www.cegea.upv.es\/wp-content\/uploads\/2017\/10\/Aproximaci\u00f3n-al-emprendimiento-social-a-trav\u00e9s-de-la-colaboraci\u00f3n-Universidad-Empresa-1.pdf\">Aproximaci\u00f3n al emprendimiento social a trav\u00e9s de la colaboraci\u00f3n Universidad-Empresa<\/a><\/li>\n<li><a href=\"http:\/\/www.cegea.upv.es\/wp-content\/uploads\/2017\/10\/EL-EMPRENDIMIENTO-INTEGRAL-BIEN-NECESIDAD-Y-OPORTUNIDAD.pdf\">EL EMPRENDIMIENTO INTEGRAL BIEN, NECESIDAD Y OPORTUNIDAD<\/a><\/li>\n<li><a href=\"http:\/\/www.cegea.upv.es\/wp-content\/uploads\/2017\/10\/Situaci\u00f3n-actual-y-retos-de-la-investigaci\u00f3n.pdf\">Situaci\u00f3n actual y retos de la investigaci\u00f3n<\/a><\/li>\n<li><a href=\"http:\/\/www.cegea.upv.es\/wp-content\/uploads\/2017\/10\/Emprendimiento-Social-y-Econom\u00eda-Sostenible.pdf\">Emprendimiento Social y Econom\u00eda Sostenible<\/a><\/li>\n<\/ul>\n<p><em><strong>FOTOS JORNADA:<\/strong><\/em><\/p>\n<p style=\"text-align: center\"><a href=\"http:\/\/www.cegea.upv.es\/wp-content\/uploads\/2017\/10\/2012-12-14-09.18.01.jpg\"><img loading=\"lazy\" decoding=\"async\" class=\"size-medium wp-image-3280\" src=\"http:\/\/www.cegea.upv.es\/wp-content\/uploads\/2017\/10\/2012-12-14-09.18.01-300x225.jpg\" alt=\"\" width=\"300\" height=\"225\" \/><\/a><\/p>\n<p style=\"text-align: center\"><a href=\"http:\/\/www.cegea.upv.es\/wp-content\/uploads\/2017\/10\/2012-12-14-09.37.07.jpg\"><img loading=\"lazy\" decoding=\"async\" class=\"size-medium wp-image-3286\" src=\"http:\/\/www.cegea.upv.es\/wp-content\/uploads\/2017\/10\/2012-12-14-09.37.07-300x225.jpg\" alt=\"\" width=\"300\" height=\"225\" \/><\/a><\/p>\n<p style=\"text-align: center\"><a href=\"http:\/\/www.cegea.upv.es\/wp-content\/uploads\/2017\/10\/2012-12-14-09.37.32.jpg\"><img loading=\"lazy\" decoding=\"async\" class=\"size-medium wp-image-3289\" src=\"http:\/\/www.cegea.upv.es\/wp-content\/uploads\/2017\/10\/2012-12-14-09.37.32-300x225.jpg\" alt=\"\" width=\"300\" height=\"225\" \/><\/a><\/p>\n<p style=\"text-align: center\"><a href=\"http:\/\/www.cegea.upv.es\/wp-content\/uploads\/2017\/10\/2012-12-14-09.56.02.jpg\"><img loading=\"lazy\" decoding=\"async\" class=\"size-medium wp-image-3292\" src=\"http:\/\/www.cegea.upv.es\/wp-content\/uploads\/2017\/10\/2012-12-14-09.56.02-300x225.jpg\" alt=\"\" width=\"300\" height=\"225\" \/><\/a><\/p>\n<p style=\"text-align: center\"><a href=\"http:\/\/www.cegea.upv.es\/wp-content\/uploads\/2017\/10\/2012-12-14-09.57.10.jpg\"><img loading=\"lazy\" decoding=\"async\" class=\"size-medium wp-image-3295\" src=\"http:\/\/www.cegea.upv.es\/wp-content\/uploads\/2017\/10\/2012-12-14-09.57.10-225x300.jpg\" alt=\"\" width=\"225\" height=\"300\" \/><\/a><\/p>\n<p style=\"text-align: center\"><a href=\"http:\/\/www.cegea.upv.es\/wp-content\/uploads\/2017\/10\/2012-12-14-09.57.21.jpg\"><img loading=\"lazy\" decoding=\"async\" class=\"size-medium wp-image-3298\" src=\"http:\/\/www.cegea.upv.es\/wp-content\/uploads\/2017\/10\/2012-12-14-09.57.21-300x225.jpg\" alt=\"\" width=\"300\" height=\"225\" \/><\/a><\/p>\n<p style=\"text-align: center\"><a href=\"http:\/\/www.cegea.upv.es\/wp-content\/uploads\/2017\/10\/2012-12-14-10.19.42.jpg\"><img loading=\"lazy\" decoding=\"async\" class=\"size-medium wp-image-3301\" src=\"http:\/\/www.cegea.upv.es\/wp-content\/uploads\/2017\/10\/2012-12-14-10.19.42-300x225.jpg\" alt=\"\" width=\"300\" height=\"225\" \/><\/a><\/p>\n<p style=\"text-align: center\"><a href=\"http:\/\/www.cegea.upv.es\/wp-content\/uploads\/2017\/10\/2012-12-14-11.15.59.jpg\"><img loading=\"lazy\" decoding=\"async\" class=\"size-medium wp-image-3304\" src=\"http:\/\/www.cegea.upv.es\/wp-content\/uploads\/2017\/10\/2012-12-14-11.15.59-300x225.jpg\" alt=\"\" width=\"300\" height=\"225\" \/><\/a><\/p>\n<p style=\"text-align: center\"><a href=\"http:\/\/www.cegea.upv.es\/wp-content\/uploads\/2017\/10\/2012-12-14-11.16.12.jpg\"><img loading=\"lazy\" decoding=\"async\" class=\"size-medium wp-image-3307\" src=\"http:\/\/www.cegea.upv.es\/wp-content\/uploads\/2017\/10\/2012-12-14-11.16.12-300x225.jpg\" alt=\"\" width=\"300\" height=\"225\" \/><\/a><\/p>\n<p><a href=\"http:\/\/www.cegea.upv.es\/wp-content\/uploads\/2017\/10\/2012-12-14-13.46.24.jpg\"><img loading=\"lazy\" decoding=\"async\" class=\"size-medium wp-image-3313 aligncenter\" src=\"http:\/\/www.cegea.upv.es\/wp-content\/uploads\/2017\/10\/2012-12-14-13.46.24-300x225.jpg\" alt=\"\" width=\"300\" height=\"225\" \/><\/a><\/p>\n<!-- AddThis Advanced Settings generic via filter on the_content --><!-- AddThis Share Buttons generic via filter on the_content -->","protected":false},"excerpt":{"rendered":"<p>El pasado viernes 14 de diciembre, se celebr\u00f3 la\u00a0II jornada sobre Emprendimiento Social y Colectivo . &nbsp; FOLLETO: Folleto-jornada COMUNICACIONES: \u00bfEstimula la universidad el emprendimiento acad\u00e9mico An\u00e1lisis de los recursos organizativos de apoyo a la creaci\u00f3n de spin-offs en la Unive \u201cLos grupos de inter\u00e9s y la cultura emprendedora como claves del \u00e9xito en las [&hellip;]<!-- AddThis Advanced Settings generic via filter on wp_trim_excerpt --><!-- AddThis Share Buttons generic via filter on wp_trim_excerpt --><\/p>\n","protected":false},"author":44080,"featured_media":0,"comment_status":"closed","ping_status":"closed","sticky":false,"template":"","format":"link","meta":{"footnotes":""},"categories":[64],"tags":[],"class_list":["post-3059","post","type-post","status-publish","format-link","hentry","category-sin-categoria","post_format-post-format-link","post-preview"],"_links":{"self":[{"href":"https:\/\/cegea.upv.es\/index.php?rest_route=\/wp\/v2\/posts\/3059","targetHints":{"allow":["GET"]}}],"collection":[{"href":"https:\/\/cegea.upv.es\/index.php?rest_route=\/wp\/v2\/posts"}],"about":[{"href":"https:\/\/cegea.upv.es\/index.php?rest_route=\/wp\/v2\/types\/post"}],"author":[{"embeddable":true,"href":"https:\/\/cegea.upv.es\/index.php?rest_route=\/wp\/v2\/users\/44080"}],"replies":[{"embeddable":true,"href":"https:\/\/cegea.upv.es\/index.php?rest_route=%2Fwp%2Fv2%2Fcomments&post=3059"}],"version-history":[{"count":0,"href":"https:\/\/cegea.upv.es\/index.php?rest_route=\/wp\/v2\/posts\/3059\/revisions"}],"wp:attachment":[{"href":"https:\/\/cegea.upv.es\/index.php?rest_route=%2Fwp%2Fv2%2Fmedia&parent=3059"}],"wp:term":[{"taxonomy":"category","embeddable":true,"href":"https:\/\/cegea.upv.es\/index.php?rest_route=%2Fwp%2Fv2%2Fcategories&post=3059"},{"taxonomy":"post_tag","embeddable":true,"href":"https:\/\/cegea.upv.es\/index.php?rest_route=%2Fwp%2Fv2%2Ftags&post=3059"}],"curies":[{"name":"wp","href":"https:\/\/api.w.org\/{rel}","templated":true}]}}