{"id":5430,"date":"2018-05-24T11:19:43","date_gmt":"2018-05-24T10:19:43","guid":{"rendered":"http:\/\/www.cegea.upv.es\/?p=5430"},"modified":"2018-05-24T11:19:43","modified_gmt":"2018-05-24T10:19:43","slug":"jornada-11-06-18","status":"publish","type":"post","link":"https:\/\/cegea.upv.es\/?p=5430","title":{"rendered":"Jornada 11-06-18"},"content":{"rendered":"<p>El 11 de junio de 2018 tendr\u00e1 lugar la jornada sobre la Auditor\u00eda en el sector p\u00fablico en Espa\u00f1a (Especial Comunidad Valenciana), en el que se presentar\u00e1 el estudio que \u201cSituaci\u00f3n de la auditor\u00eda del sector p\u00fablico en Espa\u00f1a\u201d, elaborado la Universidad de Granada junto con CEGEA.<\/p>\n<p>Tendr\u00e1 lugar en el Sal\u00f3n de actos de la Facultad de ADE de la Universidad Polit\u00e9cnica de Valencia a las 18 horas.<\/p>\n<p>Es necesario confirmar asistencia, bien por tel\u00e9fono 963826739 o por e-mail colegio_cv@icjce.es.<\/p>\n<p><a href=\"http:\/\/www.cegea.upv.es\/wp-content\/uploads\/2018\/05\/auditoriasectorpublico.pdf\">auditoriasectorpublico<\/a><\/p>\n<!-- AddThis Advanced Settings generic via filter on the_content --><!-- AddThis Share Buttons generic via filter on the_content -->","protected":false},"excerpt":{"rendered":"<p>El 11 de junio de 2018 tendr\u00e1 lugar la jornada sobre la Auditor\u00eda en el sector p\u00fablico en Espa\u00f1a (Especial Comunidad Valenciana), en el que se presentar\u00e1 el estudio que \u201cSituaci\u00f3n de la auditor\u00eda del sector p\u00fablico en Espa\u00f1a\u201d, elaborado la Universidad de Granada junto con CEGEA. Tendr\u00e1 lugar en el Sal\u00f3n de actos de [&hellip;]<!-- AddThis Advanced Settings generic via filter on wp_trim_excerpt --><!-- AddThis Share Buttons generic via filter on wp_trim_excerpt --><\/p>\n","protected":false},"author":55669,"featured_media":0,"comment_status":"closed","ping_status":"closed","sticky":false,"template":"","format":"standard","meta":{"footnotes":""},"categories":[64],"tags":[],"class_list":["post-5430","post","type-post","status-publish","format-standard","hentry","category-sin-categoria","post-preview"],"_links":{"self":[{"href":"https:\/\/cegea.upv.es\/index.php?rest_route=\/wp\/v2\/posts\/5430","targetHints":{"allow":["GET"]}}],"collection":[{"href":"https:\/\/cegea.upv.es\/index.php?rest_route=\/wp\/v2\/posts"}],"about":[{"href":"https:\/\/cegea.upv.es\/index.php?rest_route=\/wp\/v2\/types\/post"}],"author":[{"embeddable":true,"href":"https:\/\/cegea.upv.es\/index.php?rest_route=\/wp\/v2\/users\/55669"}],"replies":[{"embeddable":true,"href":"https:\/\/cegea.upv.es\/index.php?rest_route=%2Fwp%2Fv2%2Fcomments&post=5430"}],"version-history":[{"count":0,"href":"https:\/\/cegea.upv.es\/index.php?rest_route=\/wp\/v2\/posts\/5430\/revisions"}],"wp:attachment":[{"href":"https:\/\/cegea.upv.es\/index.php?rest_route=%2Fwp%2Fv2%2Fmedia&parent=5430"}],"wp:term":[{"taxonomy":"category","embeddable":true,"href":"https:\/\/cegea.upv.es\/index.php?rest_route=%2Fwp%2Fv2%2Fcategories&post=5430"},{"taxonomy":"post_tag","embeddable":true,"href":"https:\/\/cegea.upv.es\/index.php?rest_route=%2Fwp%2Fv2%2Ftags&post=5430"}],"curies":[{"name":"wp","href":"https:\/\/api.w.org\/{rel}","templated":true}]}}