{"id":7064,"date":"2019-10-22T12:47:35","date_gmt":"2019-10-22T11:47:35","guid":{"rendered":"https:\/\/www.cegea.upv.es\/?p=7064"},"modified":"2019-10-22T12:47:35","modified_gmt":"2019-10-22T11:47:35","slug":"miembros-de-cegea-participan-en-el-xx-congreso-internacional-aeca-2019","status":"publish","type":"post","link":"https:\/\/cegea.upv.es\/?p=7064","title":{"rendered":"Miembros de CEGEA participan en el XX Congreso Internacional AECA 2019."},"content":{"rendered":"<p>Del 25 al 27 de septiembre se celebr\u00f3 en M\u00e1laga el XX Congreso Internacional AECA 2019, organizado por la Asociaci\u00f3n Espa\u00f1ola de Contabilidad y Administraci\u00f3n de Empresas (AECA) y la Universidad de M\u00e1laga. Algunos compa\u00f1eros de CEGEA participaron en el Congreso, presentando sus trabajos m\u00e1s recientes.<\/p>\n<p>M\u00e1s informaci\u00f3n: <a href=\"https:\/\/xxcongreso.aeca.es\/\">https:\/\/xxcongreso.aeca.es\/<\/a><\/p>\n<p>&nbsp;<\/p>\n<p>&nbsp;<\/p>\n<p><a href=\"https:\/\/www.cegea.upv.es\/wp-content\/uploads\/2019\/10\/IMG-20190927-WA0002.jpg\"><img loading=\"lazy\" decoding=\"async\" class=\"aligncenter size-medium wp-image-7067\" src=\"https:\/\/www.cegea.upv.es\/wp-content\/uploads\/2019\/10\/IMG-20190927-WA0002-300x225.jpg\" alt=\"\" width=\"300\" height=\"225\" srcset=\"https:\/\/cegea.upv.es\/wp-content\/uploads\/2019\/10\/IMG-20190927-WA0002-300x225.jpg 300w, https:\/\/cegea.upv.es\/wp-content\/uploads\/2019\/10\/IMG-20190927-WA0002-768x576.jpg 768w, https:\/\/cegea.upv.es\/wp-content\/uploads\/2019\/10\/IMG-20190927-WA0002-1024x768.jpg 1024w, https:\/\/cegea.upv.es\/wp-content\/uploads\/2019\/10\/IMG-20190927-WA0002-676x507.jpg 676w, https:\/\/cegea.upv.es\/wp-content\/uploads\/2019\/10\/IMG-20190927-WA0002.jpg 1600w\" sizes=\"auto, (max-width: 300px) 100vw, 300px\" \/><\/a> <a href=\"https:\/\/www.cegea.upv.es\/wp-content\/uploads\/2019\/10\/IMG-20190927-WA0003.jpg\"><img loading=\"lazy\" decoding=\"async\" class=\"aligncenter size-medium wp-image-7070\" src=\"https:\/\/www.cegea.upv.es\/wp-content\/uploads\/2019\/10\/IMG-20190927-WA0003-300x169.jpg\" alt=\"\" width=\"300\" height=\"169\" srcset=\"https:\/\/cegea.upv.es\/wp-content\/uploads\/2019\/10\/IMG-20190927-WA0003-300x169.jpg 300w, https:\/\/cegea.upv.es\/wp-content\/uploads\/2019\/10\/IMG-20190927-WA0003-768x432.jpg 768w, https:\/\/cegea.upv.es\/wp-content\/uploads\/2019\/10\/IMG-20190927-WA0003-1024x576.jpg 1024w, https:\/\/cegea.upv.es\/wp-content\/uploads\/2019\/10\/IMG-20190927-WA0003-676x380.jpg 676w, https:\/\/cegea.upv.es\/wp-content\/uploads\/2019\/10\/IMG-20190927-WA0003.jpg 1600w\" sizes=\"auto, (max-width: 300px) 100vw, 300px\" \/><\/a> <a href=\"https:\/\/www.cegea.upv.es\/wp-content\/uploads\/2019\/10\/IMG-20190927-WA0001.jpg\"><img loading=\"lazy\" decoding=\"async\" class=\"aligncenter size-medium wp-image-7073\" src=\"https:\/\/www.cegea.upv.es\/wp-content\/uploads\/2019\/10\/IMG-20190927-WA0001-300x225.jpg\" alt=\"\" width=\"300\" height=\"225\" srcset=\"https:\/\/cegea.upv.es\/wp-content\/uploads\/2019\/10\/IMG-20190927-WA0001-300x225.jpg 300w, https:\/\/cegea.upv.es\/wp-content\/uploads\/2019\/10\/IMG-20190927-WA0001-768x576.jpg 768w, https:\/\/cegea.upv.es\/wp-content\/uploads\/2019\/10\/IMG-20190927-WA0001-1024x768.jpg 1024w, https:\/\/cegea.upv.es\/wp-content\/uploads\/2019\/10\/IMG-20190927-WA0001-676x507.jpg 676w, https:\/\/cegea.upv.es\/wp-content\/uploads\/2019\/10\/IMG-20190927-WA0001.jpg 1599w\" sizes=\"auto, (max-width: 300px) 100vw, 300px\" \/><\/a><\/p>\n<!-- AddThis Advanced Settings generic via filter on the_content --><!-- AddThis Share Buttons generic via filter on the_content -->","protected":false},"excerpt":{"rendered":"<p>Del 25 al 27 de septiembre se celebr\u00f3 en M\u00e1laga el XX Congreso Internacional AECA 2019, organizado por la Asociaci\u00f3n Espa\u00f1ola de Contabilidad y Administraci\u00f3n de Empresas (AECA) y la Universidad de M\u00e1laga. Algunos compa\u00f1eros de CEGEA participaron en el Congreso, presentando sus trabajos m\u00e1s recientes. M\u00e1s informaci\u00f3n: https:\/\/xxcongreso.aeca.es\/ &nbsp; &nbsp;<!-- AddThis Advanced Settings generic via filter on wp_trim_excerpt --><!-- AddThis Share Buttons generic via filter on wp_trim_excerpt --><\/p>\n","protected":false},"author":1446,"featured_media":0,"comment_status":"closed","ping_status":"closed","sticky":false,"template":"","format":"standard","meta":{"footnotes":""},"categories":[64],"tags":[],"class_list":["post-7064","post","type-post","status-publish","format-standard","hentry","category-sin-categoria","post-preview"],"_links":{"self":[{"href":"https:\/\/cegea.upv.es\/index.php?rest_route=\/wp\/v2\/posts\/7064","targetHints":{"allow":["GET"]}}],"collection":[{"href":"https:\/\/cegea.upv.es\/index.php?rest_route=\/wp\/v2\/posts"}],"about":[{"href":"https:\/\/cegea.upv.es\/index.php?rest_route=\/wp\/v2\/types\/post"}],"author":[{"embeddable":true,"href":"https:\/\/cegea.upv.es\/index.php?rest_route=\/wp\/v2\/users\/1446"}],"replies":[{"embeddable":true,"href":"https:\/\/cegea.upv.es\/index.php?rest_route=%2Fwp%2Fv2%2Fcomments&post=7064"}],"version-history":[{"count":2,"href":"https:\/\/cegea.upv.es\/index.php?rest_route=\/wp\/v2\/posts\/7064\/revisions"}],"predecessor-version":[{"id":7085,"href":"https:\/\/cegea.upv.es\/index.php?rest_route=\/wp\/v2\/posts\/7064\/revisions\/7085"}],"wp:attachment":[{"href":"https:\/\/cegea.upv.es\/index.php?rest_route=%2Fwp%2Fv2%2Fmedia&parent=7064"}],"wp:term":[{"taxonomy":"category","embeddable":true,"href":"https:\/\/cegea.upv.es\/index.php?rest_route=%2Fwp%2Fv2%2Fcategories&post=7064"},{"taxonomy":"post_tag","embeddable":true,"href":"https:\/\/cegea.upv.es\/index.php?rest_route=%2Fwp%2Fv2%2Ftags&post=7064"}],"curies":[{"name":"wp","href":"https:\/\/api.w.org\/{rel}","templated":true}]}}