{"id":7181,"date":"2019-12-09T12:02:09","date_gmt":"2019-12-09T11:02:09","guid":{"rendered":"https:\/\/www.cegea.upv.es\/?p=7181"},"modified":"2019-12-09T12:02:09","modified_gmt":"2019-12-09T11:02:09","slug":"la-universitat-politecnica-de-valencia-con-la-conferencia-de-naciones-unidas-sobre-cambio-climatico-cop25","status":"publish","type":"post","link":"https:\/\/cegea.upv.es\/?p=7181","title":{"rendered":"La Universitat Polit\u00e8cnica de Val\u00e8ncia con la Conferencia de Naciones Unidas sobre Cambio Clim\u00e1tico (COP25)"},"content":{"rendered":"<p>Madrid acoge, de 2 al 13 de diciembre de 2019, la celebraci\u00f3n de la Cumbre del Clima COP25. El evento pretende continuar avanzando en el dise\u00f1o e implementaci\u00f3n de los pasos necesarios en las negociaciones sobre cambio clim\u00e1tico de las Naciones Unidas. Representantes de m\u00e1s de 200 pa\u00edses se dan cita con el objetivo de alcanzar acuerdos y compromisos entre naciones para encontrar soluciones a los efectos del cambio clim\u00e1tico sobre el planeta. Las medidas a debatir abarcan acciones relativas a finanzas, tecnolog\u00eda, transparencia en medidas contra el cambio clim\u00e1tico, bosques y agricultura, ciudades y oc\u00e9anos, entre otros.<\/p>\n<p>Las universidades, en su compromiso con la sociedad y la investigaci\u00f3n, se suman a los actos de dicha conferencia, para mostrar su compromiso frente al reto del cambio clim\u00e1tico. El pasado 4 de diciembre, en un acto institucional, el presidente de la Conferencia de Rectores de la Universidades Espa\u00f1olas (CRUE), D. Jos\u00e9 Carlos G\u00f3mez Villamandos, ha realizado la lectura del\u00a0<strong>Manifiesto de las Universidades ante el reto del Cambio Clim\u00e1tico<\/strong>. Una vez le\u00eddo, se han presentado relevantes aportaciones cient\u00edficas, sociales y de transferencia, de mano de investigadores espa\u00f1oles. La <strong>Universitat Polit\u00e8cnica de Val\u00e8ncia<\/strong> (UPV) se suma a estos actos con la proyecci\u00f3n, el pr\u00f3ximo mi\u00e9rcoles 11 de diciembre, a las 18.30h, del documental <em>Esto lo cambia todo<\/em> (Avi Lewis, 2015), en el Sal\u00f3n de Grados 1 de la Casa del Alumno.<\/p>\n<!-- AddThis Advanced Settings generic via filter on the_content --><!-- AddThis Share Buttons generic via filter on the_content -->","protected":false},"excerpt":{"rendered":"<p>Madrid acoge, de 2 al 13 de diciembre de 2019, la celebraci\u00f3n de la Cumbre del Clima COP25. El evento pretende continuar avanzando en el dise\u00f1o e implementaci\u00f3n de los pasos necesarios en las negociaciones sobre cambio clim\u00e1tico de las Naciones Unidas. Representantes de m\u00e1s de 200 pa\u00edses se dan cita con el objetivo de [&hellip;]<!-- AddThis Advanced Settings generic via filter on wp_trim_excerpt --><!-- AddThis Share Buttons generic via filter on wp_trim_excerpt --><\/p>\n","protected":false},"author":1446,"featured_media":0,"comment_status":"closed","ping_status":"closed","sticky":false,"template":"","format":"standard","meta":{"footnotes":""},"categories":[64],"tags":[],"class_list":["post-7181","post","type-post","status-publish","format-standard","hentry","category-sin-categoria","post-preview"],"_links":{"self":[{"href":"https:\/\/cegea.upv.es\/index.php?rest_route=\/wp\/v2\/posts\/7181","targetHints":{"allow":["GET"]}}],"collection":[{"href":"https:\/\/cegea.upv.es\/index.php?rest_route=\/wp\/v2\/posts"}],"about":[{"href":"https:\/\/cegea.upv.es\/index.php?rest_route=\/wp\/v2\/types\/post"}],"author":[{"embeddable":true,"href":"https:\/\/cegea.upv.es\/index.php?rest_route=\/wp\/v2\/users\/1446"}],"replies":[{"embeddable":true,"href":"https:\/\/cegea.upv.es\/index.php?rest_route=%2Fwp%2Fv2%2Fcomments&post=7181"}],"version-history":[{"count":2,"href":"https:\/\/cegea.upv.es\/index.php?rest_route=\/wp\/v2\/posts\/7181\/revisions"}],"predecessor-version":[{"id":7196,"href":"https:\/\/cegea.upv.es\/index.php?rest_route=\/wp\/v2\/posts\/7181\/revisions\/7196"}],"wp:attachment":[{"href":"https:\/\/cegea.upv.es\/index.php?rest_route=%2Fwp%2Fv2%2Fmedia&parent=7181"}],"wp:term":[{"taxonomy":"category","embeddable":true,"href":"https:\/\/cegea.upv.es\/index.php?rest_route=%2Fwp%2Fv2%2Fcategories&post=7181"},{"taxonomy":"post_tag","embeddable":true,"href":"https:\/\/cegea.upv.es\/index.php?rest_route=%2Fwp%2Fv2%2Ftags&post=7181"}],"curies":[{"name":"wp","href":"https:\/\/api.w.org\/{rel}","templated":true}]}}