{"id":7388,"date":"2020-02-24T13:15:47","date_gmt":"2020-02-24T12:15:47","guid":{"rendered":"https:\/\/www.cegea.upv.es\/?p=7388"},"modified":"2021-04-08T13:18:18","modified_gmt":"2021-04-08T12:18:18","slug":"llamada-a-comunicaciones-ii-jornada-internacional-sobre-derecho-y-tecnologia","status":"publish","type":"post","link":"https:\/\/cegea.upv.es\/?p=7388","title":{"rendered":"Llamada a comunicaciones II Jornada Internacional sobre Derecho y Tecnolog\u00eda"},"content":{"rendered":"<p>LLAMADA A COMUNICACIONES:<\/p>\n<p><b>II Jornadas Internacionales de Derecho y Tecnolog\u00eda Valencia<\/b><br \/>\n28 de abril de 2020.<\/p>\n<p>Director: Felipe Palau Ram\u00edrez.<\/p>\n<p><a href=\"https:\/\/www.cegea.upv.es\/wp-content\/uploads\/2020\/02\/Cartel-II-Jornadas-Derecho-y-Tecnologi\u0301a.jpg\"><img loading=\"lazy\" decoding=\"async\" class=\" wp-image-7415 alignright\" src=\"https:\/\/www.cegea.upv.es\/wp-content\/uploads\/2020\/02\/Cartel-II-Jornadas-Derecho-y-Tecnologi\u0301a-300x212.jpg\" alt=\"\" width=\"445\" height=\"315\" srcset=\"https:\/\/cegea.upv.es\/wp-content\/uploads\/2020\/02\/Cartel-II-Jornadas-Derecho-y-Tecnologi\u0301a-300x212.jpg 300w, https:\/\/cegea.upv.es\/wp-content\/uploads\/2020\/02\/Cartel-II-Jornadas-Derecho-y-Tecnologi\u0301a-1024x724.jpg 1024w, https:\/\/cegea.upv.es\/wp-content\/uploads\/2020\/02\/Cartel-II-Jornadas-Derecho-y-Tecnologi\u0301a-768x543.jpg 768w, https:\/\/cegea.upv.es\/wp-content\/uploads\/2020\/02\/Cartel-II-Jornadas-Derecho-y-Tecnologi\u0301a-676x478.jpg 676w, https:\/\/cegea.upv.es\/wp-content\/uploads\/2020\/02\/Cartel-II-Jornadas-Derecho-y-Tecnologi\u0301a.jpg 1123w\" sizes=\"auto, (max-width: 445px) 100vw, 445px\" \/><\/a><\/p>\n<p>Secretaria: Jos\u00e9 Corber\u00e1 Mart\u00ednez y Eduardo Miranda Ribera.<\/p>\n<p><!--more-->El pr\u00f3ximo d\u00eda 28 de abril de 2020 se celebrar\u00e1n en Valencia las <b>II Jornadas Internacionales sobre Derecho y Tecnolog\u00eda<\/b>, organizado en el marco del proyecto Retos I+D+i denominado \u00abSistemas de protecci\u00f3n y explotaci\u00f3n comercial de las innovaciones en el \u00e1mbito de las obtenciones vegetales\u00bb(RTI2018-093666-B-I00) y del proyecto emergente \u201cLa tutela de los derechos en el entorno digital: nuevos retos, desaf\u00edos y oportunidades\u201d (GV\/2019\/118).<\/p>\n<p>La sesi\u00f3n se realizar\u00e1 en el Sal\u00f3n de Actos de la Factultad de Administraci\u00f3n y Direcci\u00f3n de Empresas (Edificio 7J) de la Universitat Polit\u00e8cncia de Val\u00e8ncia.<\/p>\n<p>Se acepta el env\u00edo de comunicaciones hasta el <b>8 de abril de 2020<\/b>. La aceptaci\u00f3n de la comunicaci\u00f3n supondr\u00e1 la inclusi\u00f3n de un resumen de 2 a 5 p\u00e1ginas en las actas digitales del Congreso. El env\u00edo de las comunicaciones deber\u00e1 hacerse a la siguiente direcci\u00f3n de correo<br \/>\nelectr\u00f3nico: edmiri@doctor.upv.es<\/p>\n<p>M\u00e1s informaci\u00f3n:<\/p>\n<p><a href=\"https:\/\/www.cegea.upv.es\/2020\/02\/24\/llamada-a-comunicaciones-ii-jornada-internacional-sobre-derecho-y-tecnologia\/\">Llamada a comunicaciones (PDF)<\/a><\/p>\n<p><a href=\"https:\/\/www.cegea.upv.es\/wp-content\/uploads\/2020\/02\/Cartel-II-Jornadas-Derecho-y-Tecnologi\u0301a.jpg\">Folleto informativo (PDF)<\/a><\/p>\n<!-- AddThis Advanced Settings generic via filter on the_content --><!-- AddThis Share Buttons generic via filter on the_content -->","protected":false},"excerpt":{"rendered":"<p>LLAMADA A COMUNICACIONES: II Jornadas Internacionales de Derecho y Tecnolog\u00eda Valencia 28 de abril de 2020. Director: Felipe Palau Ram\u00edrez. Secretaria: Jos\u00e9 Corber\u00e1 Mart\u00ednez y Eduardo Miranda Ribera.<!-- AddThis Advanced Settings generic via filter on wp_trim_excerpt --><!-- AddThis Share Buttons generic via filter on wp_trim_excerpt --><\/p>\n","protected":false},"author":55669,"featured_media":0,"comment_status":"closed","ping_status":"closed","sticky":false,"template":"","format":"standard","meta":{"footnotes":""},"categories":[496787],"tags":[],"class_list":["post-7388","post","type-post","status-publish","format-standard","hentry","category-sin-categoria-es","post-preview"],"_links":{"self":[{"href":"https:\/\/cegea.upv.es\/index.php?rest_route=\/wp\/v2\/posts\/7388","targetHints":{"allow":["GET"]}}],"collection":[{"href":"https:\/\/cegea.upv.es\/index.php?rest_route=\/wp\/v2\/posts"}],"about":[{"href":"https:\/\/cegea.upv.es\/index.php?rest_route=\/wp\/v2\/types\/post"}],"author":[{"embeddable":true,"href":"https:\/\/cegea.upv.es\/index.php?rest_route=\/wp\/v2\/users\/55669"}],"replies":[{"embeddable":true,"href":"https:\/\/cegea.upv.es\/index.php?rest_route=%2Fwp%2Fv2%2Fcomments&post=7388"}],"version-history":[{"count":2,"href":"https:\/\/cegea.upv.es\/index.php?rest_route=\/wp\/v2\/posts\/7388\/revisions"}],"predecessor-version":[{"id":7904,"href":"https:\/\/cegea.upv.es\/index.php?rest_route=\/wp\/v2\/posts\/7388\/revisions\/7904"}],"wp:attachment":[{"href":"https:\/\/cegea.upv.es\/index.php?rest_route=%2Fwp%2Fv2%2Fmedia&parent=7388"}],"wp:term":[{"taxonomy":"category","embeddable":true,"href":"https:\/\/cegea.upv.es\/index.php?rest_route=%2Fwp%2Fv2%2Fcategories&post=7388"},{"taxonomy":"post_tag","embeddable":true,"href":"https:\/\/cegea.upv.es\/index.php?rest_route=%2Fwp%2Fv2%2Ftags&post=7388"}],"curies":[{"name":"wp","href":"https:\/\/api.w.org\/{rel}","templated":true}]}}