{"id":7531,"date":"2021-02-24T14:57:45","date_gmt":"2021-02-24T13:57:45","guid":{"rendered":"https:\/\/www.cegea.upv.es\/?p=7531"},"modified":"2021-04-08T13:12:11","modified_gmt":"2021-04-08T12:12:11","slug":"webinario-sobre-el-papel-de-las-cooperativas-en-la-recuperacion-y-transformacion-de-la-economia-espanola","status":"publish","type":"post","link":"https:\/\/cegea.upv.es\/?p=7531","title":{"rendered":"Webinario sobre el papel de las cooperativas en la recuperaci\u00f3n y transformaci\u00f3n de la econom\u00eda espa\u00f1ola"},"content":{"rendered":"\n<p>Con motivo de la Semana Universitaria de la Econom\u00eda Social, promovida por CIRIEC-Espa\u00f1a a trav\u00e9s de la Red ENUIES, llega esta propuesta bajo el formato de <a href=\"https:\/\/www.cegea.upv.es\/wp-content\/uploads\/2021\/02\/investment-5241253_1920.jpg\"><img loading=\"lazy\" decoding=\"async\" class=\"alignright wp-image-7543\" src=\"https:\/\/www.cegea.upv.es\/wp-content\/uploads\/2021\/02\/investment-5241253_1920-300x200.jpg\" alt=\"\" width=\"312\" height=\"208\" srcset=\"https:\/\/cegea.upv.es\/wp-content\/uploads\/2021\/02\/investment-5241253_1920-300x200.jpg 300w, https:\/\/cegea.upv.es\/wp-content\/uploads\/2021\/02\/investment-5241253_1920-1024x683.jpg 1024w, https:\/\/cegea.upv.es\/wp-content\/uploads\/2021\/02\/investment-5241253_1920-768x512.jpg 768w, https:\/\/cegea.upv.es\/wp-content\/uploads\/2021\/02\/investment-5241253_1920-1536x1024.jpg 1536w, https:\/\/cegea.upv.es\/wp-content\/uploads\/2021\/02\/investment-5241253_1920-676x451.jpg 676w, https:\/\/cegea.upv.es\/wp-content\/uploads\/2021\/02\/investment-5241253_1920.jpg 1920w\" sizes=\"auto, (max-width: 312px) 100vw, 312px\" \/><\/a>Webinario.<\/p>\n<p><!--more-->El viernes 12 de marzo, de 16:30 a 18:30 CEGEA organiza junto a CIRIEC-Espa\u00f1a, la Red ENUIES y AECA una sesi\u00f3n para abordar \u00ab<em>El papel de las cooperativas y de otras empresas de la Econom\u00eda Social en el plan de recuperaci\u00f3n, transformaci\u00f3n y resiliencia de la econom\u00eda espa\u00f1ola<\/em>\u00ab.<\/p>\n<p>La inscripci\u00f3n se lleva a cabo aqu\u00ed: <span style=\"color: #ff0000\"><a href=\"mailto:redenuies@unizar.es\">redenuies@unizar.es<\/a>\u00a0<\/span><\/p>\n<p>Pod\u00e9is encontrar el programa detallado y participantes <a href=\"https:\/\/www.cegea.upv.es\/wp-content\/uploads\/2021\/03\/WEBINARIO-ENUIES-AECA-2021-6-1.pdf\">aqu\u00ed<\/a><\/p>\n<p>\u00a0<\/p>\n<!-- AddThis Advanced Settings generic via filter on the_content --><!-- AddThis Share Buttons generic via filter on the_content -->","protected":false},"excerpt":{"rendered":"<p>Con motivo de la Semana Universitaria de la Econom\u00eda Social, promovida por CIRIEC-Espa\u00f1a a trav\u00e9s de la Red ENUIES, llega esta propuesta bajo el formato de Webinario.<!-- AddThis Advanced Settings generic via filter on wp_trim_excerpt --><!-- AddThis Share Buttons generic via filter on wp_trim_excerpt --><\/p>\n","protected":false},"author":1446,"featured_media":0,"comment_status":"closed","ping_status":"closed","sticky":false,"template":"","format":"standard","meta":{"footnotes":""},"categories":[496787],"tags":[],"class_list":["post-7531","post","type-post","status-publish","format-standard","hentry","category-sin-categoria-es","post-preview"],"_links":{"self":[{"href":"https:\/\/cegea.upv.es\/index.php?rest_route=\/wp\/v2\/posts\/7531","targetHints":{"allow":["GET"]}}],"collection":[{"href":"https:\/\/cegea.upv.es\/index.php?rest_route=\/wp\/v2\/posts"}],"about":[{"href":"https:\/\/cegea.upv.es\/index.php?rest_route=\/wp\/v2\/types\/post"}],"author":[{"embeddable":true,"href":"https:\/\/cegea.upv.es\/index.php?rest_route=\/wp\/v2\/users\/1446"}],"replies":[{"embeddable":true,"href":"https:\/\/cegea.upv.es\/index.php?rest_route=%2Fwp%2Fv2%2Fcomments&post=7531"}],"version-history":[{"count":2,"href":"https:\/\/cegea.upv.es\/index.php?rest_route=\/wp\/v2\/posts\/7531\/revisions"}],"predecessor-version":[{"id":7886,"href":"https:\/\/cegea.upv.es\/index.php?rest_route=\/wp\/v2\/posts\/7531\/revisions\/7886"}],"wp:attachment":[{"href":"https:\/\/cegea.upv.es\/index.php?rest_route=%2Fwp%2Fv2%2Fmedia&parent=7531"}],"wp:term":[{"taxonomy":"category","embeddable":true,"href":"https:\/\/cegea.upv.es\/index.php?rest_route=%2Fwp%2Fv2%2Fcategories&post=7531"},{"taxonomy":"post_tag","embeddable":true,"href":"https:\/\/cegea.upv.es\/index.php?rest_route=%2Fwp%2Fv2%2Ftags&post=7531"}],"curies":[{"name":"wp","href":"https:\/\/api.w.org\/{rel}","templated":true}]}}