{"id":7730,"date":"2021-04-06T15:33:30","date_gmt":"2021-04-06T14:33:30","guid":{"rendered":"https:\/\/www.cegea.upv.es\/?p=7730"},"modified":"2021-04-08T13:10:58","modified_gmt":"2021-04-08T12:10:58","slug":"proximo-simposio-sobre-edicion-genica-con-la-participacion-de-nuestro-companero-felipe-palau","status":"publish","type":"post","link":"https:\/\/cegea.upv.es\/?p=7730","title":{"rendered":"Pr\u00f3ximo Simposio sobre edici\u00f3n g\u00e9nica con la participaci\u00f3n de nuestro compa\u00f1ero Felipe Palau"},"content":{"rendered":"\n<p class=\"has-text-align-left\">El <em>\u00abSimposio Edici\u00f3n Gen\u00f3mica de Cultivos: m\u00e1s all\u00e1 de la ciencia\u00bb<\/em>, se celebrar\u00e1 el d\u00eda 12 de mayo online de 11 a 13:30 horas, con una parte cient\u00edfico-t\u00e9cnica y otra \u00e9tico-jur\u00eddica.<\/p>\n\n\n\n<p>El Simposio ha sido organizado por el  Dr. Antonio Granell y en \u00e9l participar\u00e1 nuestro compa\u00f1ero <a href=\"https:\/\/www.cegea.upv.es\/presentacion\/miembros-2\/palau-ramirez-felipe\/\">Dr. Felipe Palau<\/a> como moderador en la mesa sobre \u00e9tica y aspectos jur\u00eddicos. <\/p>\n\n\n\n<p><!--more--><\/p>\n\n\n\n<p>El Simposio puede resultar de inter\u00e9s particular, dado que se espera la difusi\u00f3n de un estudio de la Uni\u00f3n Europea sobre la edici\u00f3n de plantas y la consideraci\u00f3n de las variedades editadas como OMGs.<\/p>\n\n\n\n<p>M\u00e1s informaci\u00f3n y registro <a href=\"https:\/\/biovegen.org\/eventos\/simposio-edicion-genomica-cultivos\/\">aqu\u00ed<\/a><\/p>\n\n\n\n\n<!-- AddThis Advanced Settings generic via filter on the_content --><!-- AddThis Share Buttons generic via filter on the_content -->","protected":false},"excerpt":{"rendered":"<p>El \u00abSimposio Edici\u00f3n Gen\u00f3mica de Cultivos: m\u00e1s all\u00e1 de la ciencia\u00bb, se celebrar\u00e1 el d\u00eda 12 de mayo online de 11 a 13:30 horas, con una parte cient\u00edfico-t\u00e9cnica y otra \u00e9tico-jur\u00eddica. El Simposio ha sido organizado por el Dr. Antonio Granell y en \u00e9l participar\u00e1 nuestro compa\u00f1ero Dr. Felipe Palau como moderador en la mesa [&hellip;]<!-- AddThis Advanced Settings generic via filter on wp_trim_excerpt --><!-- AddThis Share Buttons generic via filter on wp_trim_excerpt --><\/p>\n","protected":false},"author":1446,"featured_media":0,"comment_status":"closed","ping_status":"closed","sticky":false,"template":"","format":"standard","meta":{"footnotes":""},"categories":[496787],"tags":[],"class_list":["post-7730","post","type-post","status-publish","format-standard","hentry","category-sin-categoria-es","post-preview"],"_links":{"self":[{"href":"https:\/\/cegea.upv.es\/index.php?rest_route=\/wp\/v2\/posts\/7730","targetHints":{"allow":["GET"]}}],"collection":[{"href":"https:\/\/cegea.upv.es\/index.php?rest_route=\/wp\/v2\/posts"}],"about":[{"href":"https:\/\/cegea.upv.es\/index.php?rest_route=\/wp\/v2\/types\/post"}],"author":[{"embeddable":true,"href":"https:\/\/cegea.upv.es\/index.php?rest_route=\/wp\/v2\/users\/1446"}],"replies":[{"embeddable":true,"href":"https:\/\/cegea.upv.es\/index.php?rest_route=%2Fwp%2Fv2%2Fcomments&post=7730"}],"version-history":[{"count":1,"href":"https:\/\/cegea.upv.es\/index.php?rest_route=\/wp\/v2\/posts\/7730\/revisions"}],"predecessor-version":[{"id":7877,"href":"https:\/\/cegea.upv.es\/index.php?rest_route=\/wp\/v2\/posts\/7730\/revisions\/7877"}],"wp:attachment":[{"href":"https:\/\/cegea.upv.es\/index.php?rest_route=%2Fwp%2Fv2%2Fmedia&parent=7730"}],"wp:term":[{"taxonomy":"category","embeddable":true,"href":"https:\/\/cegea.upv.es\/index.php?rest_route=%2Fwp%2Fv2%2Fcategories&post=7730"},{"taxonomy":"post_tag","embeddable":true,"href":"https:\/\/cegea.upv.es\/index.php?rest_route=%2Fwp%2Fv2%2Ftags&post=7730"}],"curies":[{"name":"wp","href":"https:\/\/api.w.org\/{rel}","templated":true}]}}