{"id":7973,"date":"2021-09-13T09:18:23","date_gmt":"2021-09-13T08:18:23","guid":{"rendered":"https:\/\/www.cegea.upv.es\/?p=7973"},"modified":"2021-09-13T09:21:39","modified_gmt":"2021-09-13T08:21:39","slug":"fusion-de-tres-cooperativas-emblematicas-proyecto-estrella-del-cooperativismo-valenciano","status":"publish","type":"post","link":"https:\/\/cegea.upv.es\/?p=7973","title":{"rendered":"Fusi\u00f3n de tres cooperativas emblem\u00e1ticas, proyecto estrella del cooperativismo valenciano"},"content":{"rendered":"\n<p class=\"has-text-align-left\">Dos compa\u00f1eros de CEGEA, <a href=\"https:\/\/www.cegea.upv.es\/es\/presentacion\/miembros-2\/melia-marti-elena\/\">Elena Meli\u00e1<\/a> y <a href=\"https:\/\/www.cegea.upv.es\/es\/presentacion\/miembros-2\/julia-igual-juan\/\">Juan Juli\u00e1<\/a>, participan dentro del equipo facilitador en el proyecto de fusi\u00f3n de las <strong>cooperativas de Llombai, Alfarp y Catadau<\/strong>. <\/p>\n\n\n\n<p class=\"has-text-align-left\">Se trata de tres organizaciones de peso dentro de la historia del cooperativismo en la Comunidad Valenciana que ahora est\u00e1n analizando la viabilidad de la fusi\u00f3n puesto, como se\u00f1ala <strong>Paco Borr\u00e1s<\/strong>, la viabilidad por separado en las condiciones actuales no es sostenible. Paco Borr\u00e1s, con su dilatada experiencia ganada desde Anecoop, participa tambi\u00e9n en el proyecto en calidad de consultor.<\/p>\n\n\n\n<p>Les deseamos el mayor de los \u00e9xitos y estamos orgullosos de que hayan contado con CEGEA para acompa\u00f1arles en este proceso.<\/p>\n\n\n\n<div class=\"wp-block-image\"><figure class=\"aligncenter\"><a href=\"https:\/\/www.cegea.upv.es\/wp-content\/uploads\/2021\/09\/image.png\"><img loading=\"lazy\" decoding=\"async\" width=\"300\" height=\"292\" src=\"https:\/\/www.cegea.upv.es\/wp-content\/uploads\/2021\/09\/image-300x292.png\" alt=\"\" class=\"wp-image-7979\" srcset=\"https:\/\/cegea.upv.es\/wp-content\/uploads\/2021\/09\/image-300x292.png 300w, https:\/\/cegea.upv.es\/wp-content\/uploads\/2021\/09\/image-768x746.png 768w, https:\/\/cegea.upv.es\/wp-content\/uploads\/2021\/09\/image-676x657.png 676w, https:\/\/cegea.upv.es\/wp-content\/uploads\/2021\/09\/image.png 1024w\" sizes=\"auto, (max-width: 300px) 100vw, 300px\" \/><\/a><figcaption>Imagen de la noticia publicada en el diario Levante <\/figcaption><\/figure><\/div>\n<!-- AddThis Advanced Settings generic via filter on the_content --><!-- AddThis Share Buttons generic via filter on the_content -->","protected":false},"excerpt":{"rendered":"<p>Dos compa\u00f1eros de CEGEA, Elena Meli\u00e1 y Juan Juli\u00e1, participan dentro del equipo facilitador en el proyecto de fusi\u00f3n de las cooperativas de Llombai, Alfarp y Catadau. Se trata de tres organizaciones de peso dentro de la historia del cooperativismo en la Comunidad Valenciana que ahora est\u00e1n analizando la viabilidad de la fusi\u00f3n puesto, como [&hellip;]<!-- AddThis Advanced Settings generic via filter on wp_trim_excerpt --><!-- AddThis Share Buttons generic via filter on wp_trim_excerpt --><\/p>\n","protected":false},"author":1446,"featured_media":0,"comment_status":"closed","ping_status":"closed","sticky":false,"template":"","format":"standard","meta":{"footnotes":""},"categories":[64],"tags":[],"class_list":["post-7973","post","type-post","status-publish","format-standard","hentry","category-sin-categoria","post-preview"],"_links":{"self":[{"href":"https:\/\/cegea.upv.es\/index.php?rest_route=\/wp\/v2\/posts\/7973","targetHints":{"allow":["GET"]}}],"collection":[{"href":"https:\/\/cegea.upv.es\/index.php?rest_route=\/wp\/v2\/posts"}],"about":[{"href":"https:\/\/cegea.upv.es\/index.php?rest_route=\/wp\/v2\/types\/post"}],"author":[{"embeddable":true,"href":"https:\/\/cegea.upv.es\/index.php?rest_route=\/wp\/v2\/users\/1446"}],"replies":[{"embeddable":true,"href":"https:\/\/cegea.upv.es\/index.php?rest_route=%2Fwp%2Fv2%2Fcomments&post=7973"}],"version-history":[{"count":2,"href":"https:\/\/cegea.upv.es\/index.php?rest_route=\/wp\/v2\/posts\/7973\/revisions"}],"predecessor-version":[{"id":7994,"href":"https:\/\/cegea.upv.es\/index.php?rest_route=\/wp\/v2\/posts\/7973\/revisions\/7994"}],"wp:attachment":[{"href":"https:\/\/cegea.upv.es\/index.php?rest_route=%2Fwp%2Fv2%2Fmedia&parent=7973"}],"wp:term":[{"taxonomy":"category","embeddable":true,"href":"https:\/\/cegea.upv.es\/index.php?rest_route=%2Fwp%2Fv2%2Fcategories&post=7973"},{"taxonomy":"post_tag","embeddable":true,"href":"https:\/\/cegea.upv.es\/index.php?rest_route=%2Fwp%2Fv2%2Ftags&post=7973"}],"curies":[{"name":"wp","href":"https:\/\/api.w.org\/{rel}","templated":true}]}}