{"id":8034,"date":"2021-10-28T10:37:11","date_gmt":"2021-10-28T09:37:11","guid":{"rendered":"https:\/\/www.cegea.upv.es\/?p=8034"},"modified":"2021-10-28T10:37:12","modified_gmt":"2021-10-28T09:37:12","slug":"entrevista-a-juan-julia","status":"publish","type":"post","link":"https:\/\/cegea.upv.es\/?p=8034","title":{"rendered":"Entrevista a Juan Juli\u00e1"},"content":{"rendered":"\n<div class=\"wp-block-media-text alignwide has-media-on-the-right is-stacked-on-mobile\" style=\"grid-template-columns:auto 36%\"><figure class=\"wp-block-media-text__media\"><img loading=\"lazy\" decoding=\"async\" width=\"556\" height=\"784\" src=\"https:\/\/www.cegea.upv.es\/wp-content\/uploads\/2021\/10\/2021-10-28_11-34-38.jpg\" alt=\"\" class=\"wp-image-8036 size-full\" srcset=\"https:\/\/cegea.upv.es\/wp-content\/uploads\/2021\/10\/2021-10-28_11-34-38.jpg 556w, https:\/\/cegea.upv.es\/wp-content\/uploads\/2021\/10\/2021-10-28_11-34-38-213x300.jpg 213w\" sizes=\"auto, (max-width: 556px) 100vw, 556px\" \/><\/figure><div class=\"wp-block-media-text__content\">\n<p><em>Noticias de la Econom\u00eda P\u00fablica, Social y Cooperativa<\/em> es una publicaci\u00f3n cuatrimestral elaborada por CIDEC junto a <a href=\"http:\/\/ciriec.es\/\">Ciriec-Espa\u00f1a<\/a>. Es, desde 1991, un canal de comunicaci\u00f3n entre profesionales e investigadores del campo de la Econom\u00eda Social.<\/p>\n\n\n\n<p>En el \u00faltimo n\u00famero publicado, incluye una entrevista a <a href=\"https:\/\/www.cegea.upv.es\/es\/presentacion\/miembros-2\/julia-igual-juan\/\">Juan Juli\u00e1<\/a>, director de CEGEA. En ella valora el rol de las cooperativas en la coyuntura econ\u00f3mica y social actual y comenta las l\u00edneas de trabajo que se estan siguiendo desde la Comisi\u00f3n de Cooperativas de <a href=\"https:\/\/aeca.es\/\">AECA<\/a>, la <a href=\"http:\/\/ciriec.es\/presentacion\/red-enuies\/\">red ENUIES<\/a> y CEGEA.<\/p>\n\n\n\n<p>En este <a href=\"http:\/\/ciriec.es\/publicaciones\/noticias-del-cidec\/\">link<\/a> encontrar\u00e9is el acceso a la publicaci\u00f3n \u00edntegra.<\/p>\n<\/div><\/div>\n<!-- AddThis Advanced Settings generic via filter on the_content --><!-- AddThis Share Buttons generic via filter on the_content -->","protected":false},"excerpt":{"rendered":"<p>Noticias de la Econom\u00eda P\u00fablica, Social y Cooperativa es una publicaci\u00f3n cuatrimestral elaborada por CIDEC junto a Ciriec-Espa\u00f1a. Es, desde 1991, un canal de comunicaci\u00f3n entre profesionales e investigadores del campo de la Econom\u00eda Social. En el \u00faltimo n\u00famero publicado, incluye una entrevista a Juan Juli\u00e1, director de CEGEA. En ella valora el rol de [&hellip;]<!-- AddThis Advanced Settings generic via filter on wp_trim_excerpt --><!-- AddThis Share Buttons generic via filter on wp_trim_excerpt --><\/p>\n","protected":false},"author":1446,"featured_media":0,"comment_status":"closed","ping_status":"closed","sticky":false,"template":"","format":"standard","meta":{"footnotes":""},"categories":[64],"tags":[],"class_list":["post-8034","post","type-post","status-publish","format-standard","hentry","category-sin-categoria","post-preview"],"_links":{"self":[{"href":"https:\/\/cegea.upv.es\/index.php?rest_route=\/wp\/v2\/posts\/8034","targetHints":{"allow":["GET"]}}],"collection":[{"href":"https:\/\/cegea.upv.es\/index.php?rest_route=\/wp\/v2\/posts"}],"about":[{"href":"https:\/\/cegea.upv.es\/index.php?rest_route=\/wp\/v2\/types\/post"}],"author":[{"embeddable":true,"href":"https:\/\/cegea.upv.es\/index.php?rest_route=\/wp\/v2\/users\/1446"}],"replies":[{"embeddable":true,"href":"https:\/\/cegea.upv.es\/index.php?rest_route=%2Fwp%2Fv2%2Fcomments&post=8034"}],"version-history":[{"count":1,"href":"https:\/\/cegea.upv.es\/index.php?rest_route=\/wp\/v2\/posts\/8034\/revisions"}],"predecessor-version":[{"id":8037,"href":"https:\/\/cegea.upv.es\/index.php?rest_route=\/wp\/v2\/posts\/8034\/revisions\/8037"}],"wp:attachment":[{"href":"https:\/\/cegea.upv.es\/index.php?rest_route=%2Fwp%2Fv2%2Fmedia&parent=8034"}],"wp:term":[{"taxonomy":"category","embeddable":true,"href":"https:\/\/cegea.upv.es\/index.php?rest_route=%2Fwp%2Fv2%2Fcategories&post=8034"},{"taxonomy":"post_tag","embeddable":true,"href":"https:\/\/cegea.upv.es\/index.php?rest_route=%2Fwp%2Fv2%2Ftags&post=8034"}],"curies":[{"name":"wp","href":"https:\/\/api.w.org\/{rel}","templated":true}]}}