{"id":8093,"date":"2022-07-26T10:35:56","date_gmt":"2022-07-26T09:35:56","guid":{"rendered":"https:\/\/www.cegea.upv.es\/?p=8093"},"modified":"2022-07-26T10:35:58","modified_gmt":"2022-07-26T09:35:58","slug":"cegea-upv-y-newstar-international-firman-un-convenio-para-internacionalizar-los-mba","status":"publish","type":"post","link":"https:\/\/cegea.upv.es\/?p=8093","title":{"rendered":"CEGEA-UPV y NEWSTAR INTERNATIONAL firman un convenio para internacionalizar los MBA"},"content":{"rendered":"\n<p>Tras diversos encuentros, se ha llevado a cabo la firma del convenio entre la Universitat Polit\u00e8cnica de Val\u00e8ncia (UPV) y Newstar International (NEWSTAR Co ltd).<\/p>\n\n\n\n<p>Este acuerdo permitir\u00e1 iniciar la internacionalizaci\u00f3n de los programas formativos que se imparten desde CEGEA, centro de investigaci\u00f3n de la UPV. Durante el curso 22\/23 se va a lanzar el MBA en Direcci\u00f3n de Empresas y Transformaci\u00f3n Digital.<\/p>\n\n\n\n<p>CEGEA cuenta con la experiencia de m\u00e1s de 60 ediciones en sus programas MBA. Newstar International aporta el knowhow y una amplia red de contactos para introducir los programas a nivel internacional.<\/p>\n\n\n\n\n\n\n\n<figure class=\"wp-block-image size-large\"><a href=\"https:\/\/www.cegea.upv.es\/wp-content\/uploads\/2022\/07\/Newstaar.jpg\"><img loading=\"lazy\" decoding=\"async\" width=\"1024\" height=\"572\" src=\"https:\/\/www.cegea.upv.es\/wp-content\/uploads\/2022\/07\/Newstaar-1024x572.jpg\" alt=\"\" class=\"wp-image-8094\" srcset=\"https:\/\/cegea.upv.es\/wp-content\/uploads\/2022\/07\/Newstaar-1024x572.jpg 1024w, https:\/\/cegea.upv.es\/wp-content\/uploads\/2022\/07\/Newstaar-300x168.jpg 300w, https:\/\/cegea.upv.es\/wp-content\/uploads\/2022\/07\/Newstaar-768x429.jpg 768w, https:\/\/cegea.upv.es\/wp-content\/uploads\/2022\/07\/Newstaar-1536x858.jpg 1536w, https:\/\/cegea.upv.es\/wp-content\/uploads\/2022\/07\/Newstaar-676x378.jpg 676w, https:\/\/cegea.upv.es\/wp-content\/uploads\/2022\/07\/Newstaar.jpg 1553w\" sizes=\"auto, (max-width: 1024px) 100vw, 1024px\" \/><\/a><\/figure>\n<!-- AddThis Advanced Settings generic via filter on the_content --><!-- AddThis Share Buttons generic via filter on the_content -->","protected":false},"excerpt":{"rendered":"<p>Tras diversos encuentros, se ha llevado a cabo la firma del convenio entre la Universitat Polit\u00e8cnica de Val\u00e8ncia (UPV) y Newstar International (NEWSTAR Co ltd). Este acuerdo permitir\u00e1 iniciar la internacionalizaci\u00f3n de los programas formativos que se imparten desde CEGEA, centro de investigaci\u00f3n de la UPV. Durante el curso 22\/23 se va a lanzar el [&hellip;]<!-- AddThis Advanced Settings generic via filter on wp_trim_excerpt --><!-- AddThis Share Buttons generic via filter on wp_trim_excerpt --><\/p>\n","protected":false},"author":1446,"featured_media":0,"comment_status":"closed","ping_status":"closed","sticky":false,"template":"","format":"standard","meta":{"footnotes":""},"categories":[64],"tags":[],"class_list":["post-8093","post","type-post","status-publish","format-standard","hentry","category-sin-categoria","post-preview"],"_links":{"self":[{"href":"https:\/\/cegea.upv.es\/index.php?rest_route=\/wp\/v2\/posts\/8093","targetHints":{"allow":["GET"]}}],"collection":[{"href":"https:\/\/cegea.upv.es\/index.php?rest_route=\/wp\/v2\/posts"}],"about":[{"href":"https:\/\/cegea.upv.es\/index.php?rest_route=\/wp\/v2\/types\/post"}],"author":[{"embeddable":true,"href":"https:\/\/cegea.upv.es\/index.php?rest_route=\/wp\/v2\/users\/1446"}],"replies":[{"embeddable":true,"href":"https:\/\/cegea.upv.es\/index.php?rest_route=%2Fwp%2Fv2%2Fcomments&post=8093"}],"version-history":[{"count":1,"href":"https:\/\/cegea.upv.es\/index.php?rest_route=\/wp\/v2\/posts\/8093\/revisions"}],"predecessor-version":[{"id":8095,"href":"https:\/\/cegea.upv.es\/index.php?rest_route=\/wp\/v2\/posts\/8093\/revisions\/8095"}],"wp:attachment":[{"href":"https:\/\/cegea.upv.es\/index.php?rest_route=%2Fwp%2Fv2%2Fmedia&parent=8093"}],"wp:term":[{"taxonomy":"category","embeddable":true,"href":"https:\/\/cegea.upv.es\/index.php?rest_route=%2Fwp%2Fv2%2Fcategories&post=8093"},{"taxonomy":"post_tag","embeddable":true,"href":"https:\/\/cegea.upv.es\/index.php?rest_route=%2Fwp%2Fv2%2Ftags&post=8093"}],"curies":[{"name":"wp","href":"https:\/\/api.w.org\/{rel}","templated":true}]}}