{"id":8110,"date":"2022-09-14T19:34:42","date_gmt":"2022-09-14T18:34:42","guid":{"rendered":"https:\/\/www.cegea.upv.es\/?p=8110"},"modified":"2022-09-14T20:03:36","modified_gmt":"2022-09-14T19:03:36","slug":"crue-defiende-el-compromiso-de-las-universidades-con-un-conocimiento-inteligente","status":"publish","type":"post","link":"https:\/\/cegea.upv.es\/?p=8110","title":{"rendered":"CRUE defiende el compromiso de las universidades con un \u00abconocimiento inteligente\u00bb"},"content":{"rendered":"\n<figure class=\"wp-block-image size-full\"><a href=\"https:\/\/www.cegea.upv.es\/wp-content\/uploads\/2022\/09\/14-09-22-CRUE-2022.09.08-Seminario-Universidades-con-alma.jpg\"><img loading=\"lazy\" decoding=\"async\" width=\"685\" height=\"389\" src=\"https:\/\/www.cegea.upv.es\/wp-content\/uploads\/2022\/09\/14-09-22-CRUE-2022.09.08-Seminario-Universidades-con-alma.jpg\" alt=\"\" class=\"wp-image-8111\" srcset=\"https:\/\/cegea.upv.es\/wp-content\/uploads\/2022\/09\/14-09-22-CRUE-2022.09.08-Seminario-Universidades-con-alma.jpg 685w, https:\/\/cegea.upv.es\/wp-content\/uploads\/2022\/09\/14-09-22-CRUE-2022.09.08-Seminario-Universidades-con-alma-300x170.jpg 300w, https:\/\/cegea.upv.es\/wp-content\/uploads\/2022\/09\/14-09-22-CRUE-2022.09.08-Seminario-Universidades-con-alma-676x384.jpg 676w\" sizes=\"auto, (max-width: 685px) 100vw, 685px\" \/><\/a><\/figure>\n\n\n\n<p style=\"text-align: justify\">El director del CEGEA participa como secretario en su condici\u00f3n de vicepresidente adjunto de CRUE en el seminario que esta organizaci\u00f3n representativa del sistema universitario espa\u00f1ol organiz\u00f3 en el marco de los cursos de verano de la UIMP en Santander.<\/p>\n\n\n\n<p><a href=\"https:\/\/www.aulamagna.com.es\/crue-defiende-el-compromiso-de-las-universidades-con-un-conocimiento-inteligente\/\" data-type=\"URL\" data-id=\"https:\/\/www.aulamagna.com.es\/crue-defiende-el-compromiso-de-las-universidades-con-un-conocimiento-inteligente\/\">M\u00e1s informaci\u00f3n &gt;<\/a><\/p>\n<!-- AddThis Advanced Settings generic via filter on the_content --><!-- AddThis Share Buttons generic via filter on the_content -->","protected":false},"excerpt":{"rendered":"<p>El director del CEGEA participa como secretario en su condici\u00f3n de vicepresidente adjunto de CRUE en el seminario que esta organizaci\u00f3n representativa del sistema universitario espa\u00f1ol organiz\u00f3 en el marco de los cursos de verano de la UIMP en Santander. M\u00e1s informaci\u00f3n &gt;<!-- AddThis Advanced Settings generic via filter on wp_trim_excerpt --><!-- AddThis Share Buttons generic via filter on wp_trim_excerpt --><\/p>\n","protected":false},"author":55669,"featured_media":0,"comment_status":"closed","ping_status":"closed","sticky":false,"template":"","format":"standard","meta":{"footnotes":""},"categories":[496787],"tags":[496825],"class_list":["post-8110","post","type-post","status-publish","format-standard","hentry","category-sin-categoria-es","tag-crue","post-preview"],"_links":{"self":[{"href":"https:\/\/cegea.upv.es\/index.php?rest_route=\/wp\/v2\/posts\/8110","targetHints":{"allow":["GET"]}}],"collection":[{"href":"https:\/\/cegea.upv.es\/index.php?rest_route=\/wp\/v2\/posts"}],"about":[{"href":"https:\/\/cegea.upv.es\/index.php?rest_route=\/wp\/v2\/types\/post"}],"author":[{"embeddable":true,"href":"https:\/\/cegea.upv.es\/index.php?rest_route=\/wp\/v2\/users\/55669"}],"replies":[{"embeddable":true,"href":"https:\/\/cegea.upv.es\/index.php?rest_route=%2Fwp%2Fv2%2Fcomments&post=8110"}],"version-history":[{"count":2,"href":"https:\/\/cegea.upv.es\/index.php?rest_route=\/wp\/v2\/posts\/8110\/revisions"}],"predecessor-version":[{"id":8115,"href":"https:\/\/cegea.upv.es\/index.php?rest_route=\/wp\/v2\/posts\/8110\/revisions\/8115"}],"wp:attachment":[{"href":"https:\/\/cegea.upv.es\/index.php?rest_route=%2Fwp%2Fv2%2Fmedia&parent=8110"}],"wp:term":[{"taxonomy":"category","embeddable":true,"href":"https:\/\/cegea.upv.es\/index.php?rest_route=%2Fwp%2Fv2%2Fcategories&post=8110"},{"taxonomy":"post_tag","embeddable":true,"href":"https:\/\/cegea.upv.es\/index.php?rest_route=%2Fwp%2Fv2%2Ftags&post=8110"}],"curies":[{"name":"wp","href":"https:\/\/api.w.org\/{rel}","templated":true}]}}