{"id":8172,"date":"2022-10-05T12:01:07","date_gmt":"2022-10-05T11:01:07","guid":{"rendered":"https:\/\/www.cegea.upv.es\/?p=8172"},"modified":"2022-10-05T12:01:50","modified_gmt":"2022-10-05T11:01:50","slug":"la-dimension-elemento-clave-de-competitividad-de-las-cooperativas-valencianas","status":"publish","type":"post","link":"https:\/\/cegea.upv.es\/?p=8172","title":{"rendered":"\u00abLa dimensi\u00f3n, elemento clave de competitividad de las cooperativas valencianas\u00bb"},"content":{"rendered":"<div class=\"wp-block-image\">\n<figure class=\"aligncenter size-full\"><a href=\"https:\/\/www.cegea.upv.es\/wp-content\/uploads\/2022\/10\/LA-DIMENSION.png\"><img loading=\"lazy\" decoding=\"async\" width=\"478\" height=\"427\" src=\"https:\/\/www.cegea.upv.es\/wp-content\/uploads\/2022\/10\/LA-DIMENSION.png\" alt=\"\" class=\"wp-image-8173\" srcset=\"https:\/\/cegea.upv.es\/wp-content\/uploads\/2022\/10\/LA-DIMENSION.png 478w, https:\/\/cegea.upv.es\/wp-content\/uploads\/2022\/10\/LA-DIMENSION-300x268.png 300w\" sizes=\"auto, (max-width: 478px) 100vw, 478px\" \/><\/a><\/figure>\n<\/div>\n\n<p style=\"text-align: justify\">El suplemento \u2018Coopera\u2019, de noticias sobre cooperativismo y econom\u00eda social, que publica el diario Las Provincias con el patrocinio de Cajamar, dedica parte de su n\u00famero de octubre a un reportaje relacionado con la tem\u00e1tica de las jornadas organizadas por la C\u00e1tedra de Integraci\u00f3n Empresarial de Cooperativas Agroalimentarias de la UPV. Dicho reportaje, incluye una entrevista a la profesora Elena Meli\u00e1, directora de la c\u00e1tedra. Muchas gracias al diario Las Provincias por su atenci\u00f3n y por el inter\u00e9s mostrado por esta actividad.<\/p>\n<p><a href=\"https:\/\/www.cegea.upv.es\/wp-content\/uploads\/2022\/10\/COOPERA221005_LPR.pdf\">M\u00e1s informaci\u00f3n&gt;<\/a><\/p><!-- AddThis Advanced Settings generic via filter on the_content --><!-- AddThis Share Buttons generic via filter on the_content -->","protected":false},"excerpt":{"rendered":"<p>El suplemento \u2018Coopera\u2019, de noticias sobre cooperativismo y econom\u00eda social, que publica el diario Las Provincias con el patrocinio de Cajamar, dedica parte de su n\u00famero de octubre a un reportaje relacionado con la tem\u00e1tica de las jornadas organizadas por la C\u00e1tedra de Integraci\u00f3n Empresarial de Cooperativas Agroalimentarias de la UPV. Dicho reportaje, incluye una [&hellip;]<!-- AddThis Advanced Settings generic via filter on wp_trim_excerpt --><!-- AddThis Share Buttons generic via filter on wp_trim_excerpt --><\/p>\n","protected":false},"author":55669,"featured_media":0,"comment_status":"closed","ping_status":"closed","sticky":false,"template":"","format":"standard","meta":{"footnotes":""},"categories":[496787],"tags":[],"class_list":["post-8172","post","type-post","status-publish","format-standard","hentry","category-sin-categoria-es","post-preview"],"_links":{"self":[{"href":"https:\/\/cegea.upv.es\/index.php?rest_route=\/wp\/v2\/posts\/8172","targetHints":{"allow":["GET"]}}],"collection":[{"href":"https:\/\/cegea.upv.es\/index.php?rest_route=\/wp\/v2\/posts"}],"about":[{"href":"https:\/\/cegea.upv.es\/index.php?rest_route=\/wp\/v2\/types\/post"}],"author":[{"embeddable":true,"href":"https:\/\/cegea.upv.es\/index.php?rest_route=\/wp\/v2\/users\/55669"}],"replies":[{"embeddable":true,"href":"https:\/\/cegea.upv.es\/index.php?rest_route=%2Fwp%2Fv2%2Fcomments&post=8172"}],"version-history":[{"count":1,"href":"https:\/\/cegea.upv.es\/index.php?rest_route=\/wp\/v2\/posts\/8172\/revisions"}],"predecessor-version":[{"id":8175,"href":"https:\/\/cegea.upv.es\/index.php?rest_route=\/wp\/v2\/posts\/8172\/revisions\/8175"}],"wp:attachment":[{"href":"https:\/\/cegea.upv.es\/index.php?rest_route=%2Fwp%2Fv2%2Fmedia&parent=8172"}],"wp:term":[{"taxonomy":"category","embeddable":true,"href":"https:\/\/cegea.upv.es\/index.php?rest_route=%2Fwp%2Fv2%2Fcategories&post=8172"},{"taxonomy":"post_tag","embeddable":true,"href":"https:\/\/cegea.upv.es\/index.php?rest_route=%2Fwp%2Fv2%2Ftags&post=8172"}],"curies":[{"name":"wp","href":"https:\/\/api.w.org\/{rel}","templated":true}]}}