{"id":8200,"date":"2022-10-28T18:51:58","date_gmt":"2022-10-28T17:51:58","guid":{"rendered":"https:\/\/www.cegea.upv.es\/?p=8200"},"modified":"2022-10-28T18:54:18","modified_gmt":"2022-10-28T17:54:18","slug":"juan-francisco-julia-la-economia-agroalimentaria-en-america-latina","status":"publish","type":"post","link":"https:\/\/cegea.upv.es\/?p=8200","title":{"rendered":"Juan\u00a0Francisco Juli\u00e1:\u00a0La econom\u00eda agroalimentaria en Am\u00e9rica latina"},"content":{"rendered":"\n<figure class=\"wp-block-image size-large\"><a href=\"https:\/\/www.cegea.upv.es\/wp-content\/uploads\/2022\/10\/Mexico-agroalimentario-1-scaled-1.jpg\"><img loading=\"lazy\" decoding=\"async\" width=\"1024\" height=\"681\" src=\"https:\/\/www.cegea.upv.es\/wp-content\/uploads\/2022\/10\/Mexico-agroalimentario-1-scaled-1-1024x681.jpg\" alt=\"\" class=\"wp-image-8201\" srcset=\"https:\/\/cegea.upv.es\/wp-content\/uploads\/2022\/10\/Mexico-agroalimentario-1-scaled-1-1024x681.jpg 1024w, https:\/\/cegea.upv.es\/wp-content\/uploads\/2022\/10\/Mexico-agroalimentario-1-scaled-1-300x200.jpg 300w, https:\/\/cegea.upv.es\/wp-content\/uploads\/2022\/10\/Mexico-agroalimentario-1-scaled-1-768x511.jpg 768w, https:\/\/cegea.upv.es\/wp-content\/uploads\/2022\/10\/Mexico-agroalimentario-1-scaled-1-1536x1022.jpg 1536w, https:\/\/cegea.upv.es\/wp-content\/uploads\/2022\/10\/Mexico-agroalimentario-1-scaled-1-676x450.jpg 676w, https:\/\/cegea.upv.es\/wp-content\/uploads\/2022\/10\/Mexico-agroalimentario-1-scaled-1.jpg 1920w\" sizes=\"auto, (max-width: 1024px) 100vw, 1024px\" \/><\/a><\/figure>\n\n\n<p style=\"text-align: justify\">En el podcast \u00abLa Esquina del Trader\u00bb, nuestro compa\u00f1ero Francisco Juli\u00e1, director del Centro de investigaci\u00f3n en Gesti\u00f3n Empresarial de la Universidad Polit\u00e9cnica de Valencia, habla sobre la econom\u00eda agroalimentaria en Am\u00e9rica Latina.<\/p>\n<p><a href=\"https:\/\/youtrading.com\/es\/2022\/10\/28\/t6-episodio-06-juan-francisco-julia-la-economia-agroalimentaria-en-america-latina\/\">M\u00e1s informaci\u00f3n&gt;<\/a><\/p>\n<p><a href=\"https:\/\/open.spotify.com\/episode\/3FMxLji6bXYXIza1c1mz3p\">Escuchar podcast&gt;<\/a><\/p><!-- AddThis Advanced Settings generic via filter on the_content --><!-- AddThis Share Buttons generic via filter on the_content -->","protected":false},"excerpt":{"rendered":"<p>En el podcast \u00abLa Esquina del Trader\u00bb, nuestro compa\u00f1ero Francisco Juli\u00e1, director del Centro de investigaci\u00f3n en Gesti\u00f3n Empresarial de la Universidad Polit\u00e9cnica de Valencia, habla sobre la econom\u00eda agroalimentaria en Am\u00e9rica Latina. M\u00e1s informaci\u00f3n&gt; Escuchar podcast&gt;<!-- AddThis Advanced Settings generic via filter on wp_trim_excerpt --><!-- AddThis Share Buttons generic via filter on wp_trim_excerpt --><\/p>\n","protected":false},"author":55669,"featured_media":0,"comment_status":"closed","ping_status":"closed","sticky":false,"template":"","format":"standard","meta":{"footnotes":""},"categories":[496787],"tags":[],"class_list":["post-8200","post","type-post","status-publish","format-standard","hentry","category-sin-categoria-es","post-preview"],"_links":{"self":[{"href":"https:\/\/cegea.upv.es\/index.php?rest_route=\/wp\/v2\/posts\/8200","targetHints":{"allow":["GET"]}}],"collection":[{"href":"https:\/\/cegea.upv.es\/index.php?rest_route=\/wp\/v2\/posts"}],"about":[{"href":"https:\/\/cegea.upv.es\/index.php?rest_route=\/wp\/v2\/types\/post"}],"author":[{"embeddable":true,"href":"https:\/\/cegea.upv.es\/index.php?rest_route=\/wp\/v2\/users\/55669"}],"replies":[{"embeddable":true,"href":"https:\/\/cegea.upv.es\/index.php?rest_route=%2Fwp%2Fv2%2Fcomments&post=8200"}],"version-history":[{"count":2,"href":"https:\/\/cegea.upv.es\/index.php?rest_route=\/wp\/v2\/posts\/8200\/revisions"}],"predecessor-version":[{"id":8204,"href":"https:\/\/cegea.upv.es\/index.php?rest_route=\/wp\/v2\/posts\/8200\/revisions\/8204"}],"wp:attachment":[{"href":"https:\/\/cegea.upv.es\/index.php?rest_route=%2Fwp%2Fv2%2Fmedia&parent=8200"}],"wp:term":[{"taxonomy":"category","embeddable":true,"href":"https:\/\/cegea.upv.es\/index.php?rest_route=%2Fwp%2Fv2%2Fcategories&post=8200"},{"taxonomy":"post_tag","embeddable":true,"href":"https:\/\/cegea.upv.es\/index.php?rest_route=%2Fwp%2Fv2%2Ftags&post=8200"}],"curies":[{"name":"wp","href":"https:\/\/api.w.org\/{rel}","templated":true}]}}