{"id":8227,"date":"2022-11-10T19:53:42","date_gmt":"2022-11-10T18:53:42","guid":{"rendered":"https:\/\/www.cegea.upv.es\/?p=8227"},"modified":"2022-11-10T19:53:44","modified_gmt":"2022-11-10T18:53:44","slug":"se-presenta-en-valencia-el-libro-ley-de-la-cadena-alimentaria-cooperativas-y-otras-entidades-asociativas-agrarias","status":"publish","type":"post","link":"https:\/\/cegea.upv.es\/?p=8227","title":{"rendered":"Se presenta en Valencia el libro \u2018Ley de la cadena alimentaria, cooperativas y otras entidades asociativas agrarias\u2019"},"content":{"rendered":"<div class=\"wp-block-image\">\n<figure class=\"aligncenter size-full\"><a href=\"https:\/\/www.cegea.upv.es\/wp-content\/uploads\/2022\/11\/Pres_Libro_Cadena_nov2022.jpg\"><img loading=\"lazy\" decoding=\"async\" width=\"369\" height=\"195\" src=\"https:\/\/www.cegea.upv.es\/wp-content\/uploads\/2022\/11\/Pres_Libro_Cadena_nov2022.jpg\" alt=\"\" class=\"wp-image-8228\" srcset=\"https:\/\/cegea.upv.es\/wp-content\/uploads\/2022\/11\/Pres_Libro_Cadena_nov2022.jpg 369w, https:\/\/cegea.upv.es\/wp-content\/uploads\/2022\/11\/Pres_Libro_Cadena_nov2022-300x159.jpg 300w\" sizes=\"auto, (max-width: 369px) 100vw, 369px\" \/><\/a><\/figure>\n<\/div>\n\n<div class=\"css-1dbjc4n r-xoduu5\" style=\"text-align: justify\"><span class=\"css-901oao css-16my406 r-poiln3 r-bcqeeo r-qvutc0\" style=\"font-size: inherit\">Buenas tardes, os compartimos la nota de actualidad del Observatorio Espa\u00f1ol de la <\/span><span class=\"r-18u37iz\" style=\"font-size: inherit\"><a class=\"css-4rbku5 css-18t94o4 css-901oao css-16my406 r-1cvl2hr r-1loqt21 r-poiln3 r-bcqeeo r-qvutc0\" dir=\"ltr\" role=\"link\" href=\"https:\/\/twitter.com\/hashtag\/Econom%C3%ADaSocial?src=hashtag_click\">#Econom\u00edaSocial<\/a><\/span><span class=\"css-901oao css-16my406 r-poiln3 r-bcqeeo r-qvutc0\" style=\"font-size: inherit\"> dedicada a la presentaci\u00f3n del libro \u00abLey de la cadena alimentaria, cooperativas y otras entidades asociativas agrarias\u00bb\u00a0<\/span><\/div>\n<div>\u00a0<\/div>\n<div><a href=\"http:\/\/www.observatorioeconomiasocial.es\/actualidad-observatorio.php?id=5261\">M\u00e1s informaci\u00f3n&gt;<\/a><\/div>\n<p>\u00a0<\/p><!-- AddThis Advanced Settings generic via filter on the_content --><!-- AddThis Share Buttons generic via filter on the_content -->","protected":false},"excerpt":{"rendered":"<p>Buenas tardes, os compartimos la nota de actualidad del Observatorio Espa\u00f1ol de la #Econom\u00edaSocial dedicada a la presentaci\u00f3n del libro \u00abLey de la cadena alimentaria, cooperativas y otras entidades asociativas agrarias\u00bb\u00a0 \u00a0 M\u00e1s informaci\u00f3n&gt; \u00a0<!-- AddThis Advanced Settings generic via filter on wp_trim_excerpt --><!-- AddThis Share Buttons generic via filter on wp_trim_excerpt --><\/p>\n","protected":false},"author":55669,"featured_media":0,"comment_status":"closed","ping_status":"closed","sticky":false,"template":"","format":"standard","meta":{"footnotes":""},"categories":[496787],"tags":[],"class_list":["post-8227","post","type-post","status-publish","format-standard","hentry","category-sin-categoria-es","post-preview"],"_links":{"self":[{"href":"https:\/\/cegea.upv.es\/index.php?rest_route=\/wp\/v2\/posts\/8227","targetHints":{"allow":["GET"]}}],"collection":[{"href":"https:\/\/cegea.upv.es\/index.php?rest_route=\/wp\/v2\/posts"}],"about":[{"href":"https:\/\/cegea.upv.es\/index.php?rest_route=\/wp\/v2\/types\/post"}],"author":[{"embeddable":true,"href":"https:\/\/cegea.upv.es\/index.php?rest_route=\/wp\/v2\/users\/55669"}],"replies":[{"embeddable":true,"href":"https:\/\/cegea.upv.es\/index.php?rest_route=%2Fwp%2Fv2%2Fcomments&post=8227"}],"version-history":[{"count":2,"href":"https:\/\/cegea.upv.es\/index.php?rest_route=\/wp\/v2\/posts\/8227\/revisions"}],"predecessor-version":[{"id":8230,"href":"https:\/\/cegea.upv.es\/index.php?rest_route=\/wp\/v2\/posts\/8227\/revisions\/8230"}],"wp:attachment":[{"href":"https:\/\/cegea.upv.es\/index.php?rest_route=%2Fwp%2Fv2%2Fmedia&parent=8227"}],"wp:term":[{"taxonomy":"category","embeddable":true,"href":"https:\/\/cegea.upv.es\/index.php?rest_route=%2Fwp%2Fv2%2Fcategories&post=8227"},{"taxonomy":"post_tag","embeddable":true,"href":"https:\/\/cegea.upv.es\/index.php?rest_route=%2Fwp%2Fv2%2Ftags&post=8227"}],"curies":[{"name":"wp","href":"https:\/\/api.w.org\/{rel}","templated":true}]}}