{"id":8237,"date":"2022-12-09T13:21:38","date_gmt":"2022-12-09T12:21:38","guid":{"rendered":"https:\/\/www.cegea.upv.es\/?p=8237"},"modified":"2022-12-09T13:44:34","modified_gmt":"2022-12-09T12:44:34","slug":"congreso-internacional-sobre-variedades-vegetales-proteccion-de-la-innovacion-vegetal-y-acceso-a-recursos-geneticos-en-europa-y-la-comunidad-andina","status":"publish","type":"post","link":"https:\/\/cegea.upv.es\/?p=8237","title":{"rendered":"\u00abCongreso Internacional sobre variedades vegetales: protecci\u00f3n de la innovaci\u00f3n vegetal y acceso a recursos gen\u00e9ticos en Europa y la Comunidad Andina\u00bb"},"content":{"rendered":"\n<p style=\"text-align: justify\">El Congreso Internacional \u201cVariedades Vegetales: protecci\u00f3n de la innovaci\u00f3n vegetal y acceso a recursos gen\u00e9ticos en Europa y la Comunidad Andina\u201d, tendr\u00e1 lugar los d\u00edas 14 y 15 de diciembre, en horario de tarde de 16:00 a 19:00 horas,\u00a0 en el sal\u00f3n de actos de la Facultad de Administraci\u00f3n y Direcci\u00f3n de Empresas (Edificio 7J) de la Universidad Polit\u00e9cnica de Valencia. El evento se podr\u00e1 seguir tambi\u00e9n en modalidad online.\u00a0 \u00a0<\/p>\n<p style=\"text-align: justify\">En el congreso participaran expertos de universidades espa\u00f1olas como la Universitat Polit\u00e8cnica de Val\u00e8ncia, Universidad de Murcia y Universidad de Castilla La Mancha, as\u00ed como de universidades latinoamericanas como la Universidad Andina Sim\u00f3n Bol\u00edvar (Ecuador) y Pontificia Universidad Cat\u00f3lica de Per\u00fa (Per\u00fa).<\/p>\n<p style=\"text-align: justify\">Si est\u00e1s interesado en asistir al congreso reg\u00edstrate <a href=\"https:\/\/docs.google.com\/forms\/d\/e\/1FAIpQLSduADs-YpfYh7cl9RSiDIWTVjdjERy5gN04b3tYKOuYQ7RKCQ\/viewform?vc=0&amp;c=0&amp;w=1&amp;flr=0\">a trav\u00e9s de este enlace.<\/a><\/p>\n<p><a href=\"https:\/\/www.cegea.upv.es\/wp-content\/uploads\/2022\/12\/Congreso-Variedades-Vegetales.pdf\">Programa del evento.<\/a><\/p>\n<p>\u00a0<\/p>\n<!-- AddThis Advanced Settings generic via filter on the_content --><!-- AddThis Share Buttons generic via filter on the_content -->","protected":false},"excerpt":{"rendered":"<p>El Congreso Internacional \u201cVariedades Vegetales: protecci\u00f3n de la innovaci\u00f3n vegetal y acceso a recursos gen\u00e9ticos en Europa y la Comunidad Andina\u201d, tendr\u00e1 lugar los d\u00edas 14 y 15 de diciembre, en horario de tarde de 16:00 a 19:00 horas,\u00a0 en el sal\u00f3n de actos de la Facultad de Administraci\u00f3n y Direcci\u00f3n de Empresas (Edificio 7J) [&hellip;]<!-- AddThis Advanced Settings generic via filter on wp_trim_excerpt --><!-- AddThis Share Buttons generic via filter on wp_trim_excerpt --><\/p>\n","protected":false},"author":55669,"featured_media":0,"comment_status":"closed","ping_status":"closed","sticky":false,"template":"","format":"standard","meta":{"footnotes":""},"categories":[496787],"tags":[],"class_list":["post-8237","post","type-post","status-publish","format-standard","hentry","category-sin-categoria-es","post-preview"],"_links":{"self":[{"href":"https:\/\/cegea.upv.es\/index.php?rest_route=\/wp\/v2\/posts\/8237","targetHints":{"allow":["GET"]}}],"collection":[{"href":"https:\/\/cegea.upv.es\/index.php?rest_route=\/wp\/v2\/posts"}],"about":[{"href":"https:\/\/cegea.upv.es\/index.php?rest_route=\/wp\/v2\/types\/post"}],"author":[{"embeddable":true,"href":"https:\/\/cegea.upv.es\/index.php?rest_route=\/wp\/v2\/users\/55669"}],"replies":[{"embeddable":true,"href":"https:\/\/cegea.upv.es\/index.php?rest_route=%2Fwp%2Fv2%2Fcomments&post=8237"}],"version-history":[{"count":2,"href":"https:\/\/cegea.upv.es\/index.php?rest_route=\/wp\/v2\/posts\/8237\/revisions"}],"predecessor-version":[{"id":8242,"href":"https:\/\/cegea.upv.es\/index.php?rest_route=\/wp\/v2\/posts\/8237\/revisions\/8242"}],"wp:attachment":[{"href":"https:\/\/cegea.upv.es\/index.php?rest_route=%2Fwp%2Fv2%2Fmedia&parent=8237"}],"wp:term":[{"taxonomy":"category","embeddable":true,"href":"https:\/\/cegea.upv.es\/index.php?rest_route=%2Fwp%2Fv2%2Fcategories&post=8237"},{"taxonomy":"post_tag","embeddable":true,"href":"https:\/\/cegea.upv.es\/index.php?rest_route=%2Fwp%2Fv2%2Ftags&post=8237"}],"curies":[{"name":"wp","href":"https:\/\/api.w.org\/{rel}","templated":true}]}}