{"id":8329,"date":"2023-05-27T01:00:00","date_gmt":"2023-05-27T00:00:00","guid":{"rendered":"https:\/\/www.cegea.upv.es\/?p=8329"},"modified":"2023-05-31T11:23:25","modified_gmt":"2023-05-31T10:23:25","slug":"viii-encuentro-anual-sobre-jurisprudencia-europea","status":"publish","type":"post","link":"https:\/\/cegea.upv.es\/?p=8329","title":{"rendered":"\u201cVIII Encuentro Anual sobre Jurisprudencia Europea\u201d"},"content":{"rendered":"\n<p style=\"text-align: justify\">Ayer celebramos en la Facultad de Administraci\u00f3n y Direcci\u00f3n de Empresas de la Universitat Polit\u00e8cnica de Val\u00e8ncia (UPV), el \u201cVIII Encuentro Anual sobre Jurisprudencia Europea\u201d. Una actividad organizada por el Hub espa\u00f1ol (Spanish Hub) del European Law Institute (ELI), representados por los Chairs del Hub: Albert Ruda de la Universidad de Girona y Maria Lubomira Kubica Kubica de la Universidad Loyola de Sevilla. <br \/>Esta edici\u00f3n se ha realizado de forma presencial-online, y ha contado con la asistencia de 148 juristas entre Profesores de Universidad, Investigadores y profesionales del Derecho (como Registradores y Abogados). Durante la jornada se desarrollaron 23 mesas tem\u00e1ticas y se presentaron 127 ponencias relacionadas con las \u00e1reas de Derecho: Procesal Civil y Penal; Mercantil; Penal; Financiero y Tributario; Propiedad Intelectual e industrial; Digital y Protecci\u00f3n de Datos; Trabajo y Seguridad Social; Consumo; Contratos; Persona y Familia; Da\u00f1os; Administrativo; Migratorio; Constitucional; Internacional P\u00fablico y Privado; Registral y Derecho de la UE.<br \/>Como coordinador del evento quiero agradecer a Albert Ruda y Mar\u00eda L. Kubica haber elegido nuestra Facultad y Universidad para la realizaci\u00f3n del Encuentro y la confianza mostrada en nuestro equipo de profesores de Centro de Investigaci\u00f3n en Gesti\u00f3n de Empresas (CEGEA) para preparar el Congreso. Gracias a Alfonso Ortega que tuvo la idea inicial. Gracias tambi\u00e9n a nuestra Decana Mar\u00eda del Mar Mar\u00f3n S\u00e1nchez por su apoyo en todo momento para llevar a cabo la actividad. Por su puesto, doy las gracias a mis compa\u00f1eros Jos\u00e9 M. Corber\u00e1, Eduardo Miranda Ribera y Erasmo L\u00f3pez con los que he trabajado, codo con codo, en la preparaci\u00f3n del Encuentro, y a los alumnos \u00d3scar Fern\u00e1ndez Ferr\u00e1ndiz y Cento Duato Aguilar que nos han ayudado como uno m\u00e1s de la organizaci\u00f3n.<br \/>La gran asistencia al Encuentro y el elevado n\u00famero de presentaci\u00f3n de ponencias ha puesto de manifiesto la importancia del Derecho de la UE, y la necesidad de organizar eventos como este donde se compartan conocimientos jur\u00eddicos y jurisprudenciales del TJUE y TEDH. La sociedad y los tiempos actuales requieren, m\u00e1s que nunca, de un continuo avance y progreso de Derecho para garantizar una convivencia en armon\u00eda y una resoluci\u00f3n de conflictos pac\u00edfica; inspirado todo ello en postulados de justicia y certeza jur\u00eddica. <br \/>Quiero terminar haciendo referencia a la circunstancia de que es la primera vez que el Encuentro Anual sobre Jurisprudencia Europea se celebra en una Facultad de ADE, y que dicha cuesti\u00f3n ha contribuido al \u00e9xito de la actividad. En efecto, el emprendimiento y la econom\u00eda de libre mercado requiere de un s\u00f3lido marco jur\u00eddico que garantice la libertad, la propiedad y la seguridad jur\u00eddica para su mejor desarrollo. Y tendremos un futuro m\u00e1s pr\u00f3spero cuanta m\u00e1s afinidad haya entre Econom\u00eda y Derecho.<br \/>Espero que nos veamos en el pr\u00f3ximo \u201cIX Encuentro Anual sobre Jurisprudencia Europea\u201d el pr\u00f3ximo a\u00f1o.<\/p>\n\n\n\n<figure class=\"wp-block-image size-large\"><a href=\"https:\/\/www.cegea.upv.es\/wp-content\/uploads\/2023\/05\/Screenshot_20230527-102023-1.jpg\"><img loading=\"lazy\" decoding=\"async\" width=\"1024\" height=\"512\" src=\"https:\/\/www.cegea.upv.es\/wp-content\/uploads\/2023\/05\/Screenshot_20230527-102023-1-1024x512.jpg\" alt=\"\" class=\"wp-image-8336\" srcset=\"https:\/\/cegea.upv.es\/wp-content\/uploads\/2023\/05\/Screenshot_20230527-102023-1-1024x512.jpg 1024w, https:\/\/cegea.upv.es\/wp-content\/uploads\/2023\/05\/Screenshot_20230527-102023-1-300x150.jpg 300w, https:\/\/cegea.upv.es\/wp-content\/uploads\/2023\/05\/Screenshot_20230527-102023-1-768x384.jpg 768w, https:\/\/cegea.upv.es\/wp-content\/uploads\/2023\/05\/Screenshot_20230527-102023-1-1536x768.jpg 1536w, https:\/\/cegea.upv.es\/wp-content\/uploads\/2023\/05\/Screenshot_20230527-102023-1-2048x1024.jpg 2048w, https:\/\/cegea.upv.es\/wp-content\/uploads\/2023\/05\/Screenshot_20230527-102023-1-676x338.jpg 676w\" sizes=\"auto, (max-width: 1024px) 100vw, 1024px\" \/><\/a><\/figure>\n\n\n\n<figure class=\"wp-block-gallery has-nested-images columns-default is-cropped wp-block-gallery-1 is-layout-flex wp-block-gallery-is-layout-flex\">\n<figure class=\"wp-block-image size-large\"><a href=\"https:\/\/www.cegea.upv.es\/wp-content\/uploads\/2023\/05\/IMG_20230526_125950-scaled.jpg\"><img loading=\"lazy\" decoding=\"async\" width=\"1024\" height=\"768\" data-id=\"8332\" src=\"https:\/\/www.cegea.upv.es\/wp-content\/uploads\/2023\/05\/IMG_20230526_125950-1024x768.jpg\" alt=\"\" class=\"wp-image-8332\" srcset=\"https:\/\/cegea.upv.es\/wp-content\/uploads\/2023\/05\/IMG_20230526_125950-1024x768.jpg 1024w, https:\/\/cegea.upv.es\/wp-content\/uploads\/2023\/05\/IMG_20230526_125950-300x225.jpg 300w, https:\/\/cegea.upv.es\/wp-content\/uploads\/2023\/05\/IMG_20230526_125950-768x576.jpg 768w, https:\/\/cegea.upv.es\/wp-content\/uploads\/2023\/05\/IMG_20230526_125950-1536x1152.jpg 1536w, https:\/\/cegea.upv.es\/wp-content\/uploads\/2023\/05\/IMG_20230526_125950-2048x1536.jpg 2048w, https:\/\/cegea.upv.es\/wp-content\/uploads\/2023\/05\/IMG_20230526_125950-676x507.jpg 676w\" sizes=\"auto, (max-width: 1024px) 100vw, 1024px\" \/><\/a><figcaption class=\"wp-element-caption\">dav<\/figcaption><\/figure>\n<\/figure>\n\n\n\n<figure class=\"wp-block-image size-large\"><a href=\"https:\/\/www.cegea.upv.es\/wp-content\/uploads\/2023\/05\/Screenshot_20230527-101919-1.jpg\"><img loading=\"lazy\" decoding=\"async\" width=\"1024\" height=\"512\" src=\"https:\/\/www.cegea.upv.es\/wp-content\/uploads\/2023\/05\/Screenshot_20230527-101919-1-1024x512.jpg\" alt=\"\" class=\"wp-image-8335\" srcset=\"https:\/\/cegea.upv.es\/wp-content\/uploads\/2023\/05\/Screenshot_20230527-101919-1-1024x512.jpg 1024w, https:\/\/cegea.upv.es\/wp-content\/uploads\/2023\/05\/Screenshot_20230527-101919-1-300x150.jpg 300w, https:\/\/cegea.upv.es\/wp-content\/uploads\/2023\/05\/Screenshot_20230527-101919-1-768x384.jpg 768w, https:\/\/cegea.upv.es\/wp-content\/uploads\/2023\/05\/Screenshot_20230527-101919-1-1536x768.jpg 1536w, https:\/\/cegea.upv.es\/wp-content\/uploads\/2023\/05\/Screenshot_20230527-101919-1-2048x1024.jpg 2048w, https:\/\/cegea.upv.es\/wp-content\/uploads\/2023\/05\/Screenshot_20230527-101919-1-676x338.jpg 676w\" sizes=\"auto, (max-width: 1024px) 100vw, 1024px\" \/><\/a><\/figure>\n<!-- AddThis Advanced Settings generic via filter on the_content --><!-- AddThis Share Buttons generic via filter on the_content -->","protected":false},"excerpt":{"rendered":"<p>Ayer celebramos en la Facultad de Administraci\u00f3n y Direcci\u00f3n de Empresas de la Universitat Polit\u00e8cnica de Val\u00e8ncia (UPV), el \u201cVIII Encuentro Anual sobre Jurisprudencia Europea\u201d. Una actividad organizada por el Hub espa\u00f1ol (Spanish Hub) del European Law Institute (ELI), representados por los Chairs del Hub: Albert Ruda de la Universidad de Girona y Maria Lubomira [&hellip;]<!-- AddThis Advanced Settings generic via filter on wp_trim_excerpt --><!-- AddThis Share Buttons generic via filter on wp_trim_excerpt --><\/p>\n","protected":false},"author":55669,"featured_media":0,"comment_status":"closed","ping_status":"closed","sticky":false,"template":"","format":"standard","meta":{"footnotes":""},"categories":[496787],"tags":[],"class_list":["post-8329","post","type-post","status-publish","format-standard","hentry","category-sin-categoria-es","post-preview"],"_links":{"self":[{"href":"https:\/\/cegea.upv.es\/index.php?rest_route=\/wp\/v2\/posts\/8329","targetHints":{"allow":["GET"]}}],"collection":[{"href":"https:\/\/cegea.upv.es\/index.php?rest_route=\/wp\/v2\/posts"}],"about":[{"href":"https:\/\/cegea.upv.es\/index.php?rest_route=\/wp\/v2\/types\/post"}],"author":[{"embeddable":true,"href":"https:\/\/cegea.upv.es\/index.php?rest_route=\/wp\/v2\/users\/55669"}],"replies":[{"embeddable":true,"href":"https:\/\/cegea.upv.es\/index.php?rest_route=%2Fwp%2Fv2%2Fcomments&post=8329"}],"version-history":[{"count":1,"href":"https:\/\/cegea.upv.es\/index.php?rest_route=\/wp\/v2\/posts\/8329\/revisions"}],"predecessor-version":[{"id":8337,"href":"https:\/\/cegea.upv.es\/index.php?rest_route=\/wp\/v2\/posts\/8329\/revisions\/8337"}],"wp:attachment":[{"href":"https:\/\/cegea.upv.es\/index.php?rest_route=%2Fwp%2Fv2%2Fmedia&parent=8329"}],"wp:term":[{"taxonomy":"category","embeddable":true,"href":"https:\/\/cegea.upv.es\/index.php?rest_route=%2Fwp%2Fv2%2Fcategories&post=8329"},{"taxonomy":"post_tag","embeddable":true,"href":"https:\/\/cegea.upv.es\/index.php?rest_route=%2Fwp%2Fv2%2Ftags&post=8329"}],"curies":[{"name":"wp","href":"https:\/\/api.w.org\/{rel}","templated":true}]}}