{"id":8341,"date":"2023-07-03T16:09:19","date_gmt":"2023-07-03T15:09:19","guid":{"rendered":"https:\/\/www.cegea.upv.es\/?p=8341"},"modified":"2023-07-03T16:09:20","modified_gmt":"2023-07-03T15:09:20","slug":"lectura-de-tesis-doctoral","status":"publish","type":"post","link":"https:\/\/cegea.upv.es\/?p=8341","title":{"rendered":"Lectura de Tesis Doctoral"},"content":{"rendered":"\n\n\n<p style=\"text-align: justify\"><strong>El pr\u00f3ximo d\u00eda 04 de julio de 2023, a las 11:00 horas, en el Sal\u00f3n de Grados de la Universidad de Valencia, tendr\u00e1 lugar la presentaci\u00f3n y defensa de la Tesis Doctoral <em>\u00abLa\u00a0doble protecci\u00f3n del dise\u00f1o por el derecho de autor y el derecho de dise\u00f1o\u00bb<\/em> realizada por la doctoranda Clara Isabel Ca\u00f1ero Lois,<\/strong> dentro del programa de Doctorado \u00abDerecho, Ciencia Pol\u00edtica y Criminolog\u00eda\u00bb de la Facultad de Derecho, bajo la direcci\u00f3n de D\u00f1a. M\u00aa Lourdes Ferrando Villalba y D. Felipe Palau Ram\u00edrez.\u00a0<\/p>\n<p style=\"text-align: justify\">\u00a0<\/p>\n<!-- AddThis Advanced Settings generic via filter on the_content --><!-- AddThis Share Buttons generic via filter on the_content -->","protected":false},"excerpt":{"rendered":"<p>El pr\u00f3ximo d\u00eda 04 de julio de 2023, a las 11:00 horas, en el Sal\u00f3n de Grados de la Universidad de Valencia, tendr\u00e1 lugar la presentaci\u00f3n y defensa de la Tesis Doctoral \u00abLa\u00a0doble protecci\u00f3n del dise\u00f1o por el derecho de autor y el derecho de dise\u00f1o\u00bb realizada por la doctoranda Clara Isabel Ca\u00f1ero Lois, dentro [&hellip;]<!-- AddThis Advanced Settings generic via filter on wp_trim_excerpt --><!-- AddThis Share Buttons generic via filter on wp_trim_excerpt --><\/p>\n","protected":false},"author":55669,"featured_media":0,"comment_status":"closed","ping_status":"closed","sticky":false,"template":"","format":"standard","meta":{"footnotes":""},"categories":[496787],"tags":[],"class_list":["post-8341","post","type-post","status-publish","format-standard","hentry","category-sin-categoria-es","post-preview"],"_links":{"self":[{"href":"https:\/\/cegea.upv.es\/index.php?rest_route=\/wp\/v2\/posts\/8341","targetHints":{"allow":["GET"]}}],"collection":[{"href":"https:\/\/cegea.upv.es\/index.php?rest_route=\/wp\/v2\/posts"}],"about":[{"href":"https:\/\/cegea.upv.es\/index.php?rest_route=\/wp\/v2\/types\/post"}],"author":[{"embeddable":true,"href":"https:\/\/cegea.upv.es\/index.php?rest_route=\/wp\/v2\/users\/55669"}],"replies":[{"embeddable":true,"href":"https:\/\/cegea.upv.es\/index.php?rest_route=%2Fwp%2Fv2%2Fcomments&post=8341"}],"version-history":[{"count":1,"href":"https:\/\/cegea.upv.es\/index.php?rest_route=\/wp\/v2\/posts\/8341\/revisions"}],"predecessor-version":[{"id":8342,"href":"https:\/\/cegea.upv.es\/index.php?rest_route=\/wp\/v2\/posts\/8341\/revisions\/8342"}],"wp:attachment":[{"href":"https:\/\/cegea.upv.es\/index.php?rest_route=%2Fwp%2Fv2%2Fmedia&parent=8341"}],"wp:term":[{"taxonomy":"category","embeddable":true,"href":"https:\/\/cegea.upv.es\/index.php?rest_route=%2Fwp%2Fv2%2Fcategories&post=8341"},{"taxonomy":"post_tag","embeddable":true,"href":"https:\/\/cegea.upv.es\/index.php?rest_route=%2Fwp%2Fv2%2Ftags&post=8341"}],"curies":[{"name":"wp","href":"https:\/\/api.w.org\/{rel}","templated":true}]}}