{"id":8401,"date":"2024-03-01T20:02:12","date_gmt":"2024-03-01T19:02:12","guid":{"rendered":"https:\/\/www.cegea.upv.es\/?p=8401"},"modified":"2024-03-01T20:02:13","modified_gmt":"2024-03-01T19:02:13","slug":"congreso-nacional-sobre-fomento-de-la-economia-social-instrumentos-fiscales-y-de-politicas-publicas","status":"publish","type":"post","link":"https:\/\/cegea.upv.es\/?p=8401","title":{"rendered":"\u00abCongreso nacional sobre fomento de la Econom\u00eda Social: Instrumentos fiscales y de pol\u00edticas p\u00fablicas\u00bb"},"content":{"rendered":"\n<figure class=\"wp-block-image size-large\"><a href=\"https:\/\/www.cegea.upv.es\/wp-content\/uploads\/2024\/03\/congreso.png\"><img loading=\"lazy\" decoding=\"async\" width=\"1024\" height=\"726\" src=\"https:\/\/www.cegea.upv.es\/wp-content\/uploads\/2024\/03\/congreso-1024x726.png\" alt=\"\" class=\"wp-image-8403\" srcset=\"https:\/\/cegea.upv.es\/wp-content\/uploads\/2024\/03\/congreso-1024x726.png 1024w, https:\/\/cegea.upv.es\/wp-content\/uploads\/2024\/03\/congreso-300x213.png 300w, https:\/\/cegea.upv.es\/wp-content\/uploads\/2024\/03\/congreso-768x544.png 768w, https:\/\/cegea.upv.es\/wp-content\/uploads\/2024\/03\/congreso-676x479.png 676w, https:\/\/cegea.upv.es\/wp-content\/uploads\/2024\/03\/congreso.png 1151w\" sizes=\"auto, (max-width: 1024px) 100vw, 1024px\" \/><\/a><\/figure>\n\n\n\n<p style=\"text-align: justify\">Nos complace anunciar la convocatoria de presentaci\u00f3n de comunicaciones para el Congreso Nacional titulado <strong>\u00abFomento de la Econom\u00eda Social: Instrumentos fiscales y de pol\u00edticas p\u00fablicas\u00bb. <\/strong>El congreso estar\u00e1 centrado en la sinergia entre la administraci\u00f3n p\u00fablica y la econom\u00eda social para promover una prosperidad inclusiva. Este evento \u00fanico, organizado por CIRIEC-Espa\u00f1a junto con IUDESCOOP (UV) y CEGEA (UPV), tendr\u00e1 lugar los d\u00edas 26 y 27 de septiembre de 2024 en Valencia, la Capital Espa\u00f1ola de la Econom\u00eda Social.<\/p>\n<p style=\"text-align: justify\">Invitamos a investigadores a contribuir con sus trabajos cient\u00edficos, te\u00f3ricos y emp\u00edricos, en una amplia gama de \u00e1reas tem\u00e1ticas que van desde pol\u00edticas p\u00fablicas y fiscalidad de la econom\u00eda social hasta la contribuci\u00f3n de esta en la transici\u00f3n ecol\u00f3gica y digital. Esta es una oportunidad excepcional para compartir avances, innovaciones y pr\u00e1cticas exitosas en el \u00e1mbito de la econom\u00eda social y cooperativismo.<\/p>\n<p style=\"text-align: justify\"><a href=\"https:\/\/www.cegea.upv.es\/wp-content\/uploads\/2024\/03\/Congreso-2024-CIRIEC-primera-llamada-a-presentacion-de-comunicaciones.pdf\">Descarga aqu\u00ed la convocatoria para m\u00e1s detalles&gt;&gt;<\/a><\/p>\n\n\n<!-- AddThis Advanced Settings generic via filter on the_content --><!-- AddThis Share Buttons generic via filter on the_content -->","protected":false},"excerpt":{"rendered":"<p>Nos complace anunciar la convocatoria de presentaci\u00f3n de comunicaciones para el Congreso Nacional titulado \u00abFomento de la Econom\u00eda Social: Instrumentos fiscales y de pol\u00edticas p\u00fablicas\u00bb. El congreso estar\u00e1 centrado en la sinergia entre la administraci\u00f3n p\u00fablica y la econom\u00eda social para promover una prosperidad inclusiva. Este evento \u00fanico, organizado por CIRIEC-Espa\u00f1a junto con IUDESCOOP (UV) [&hellip;]<!-- AddThis Advanced Settings generic via filter on wp_trim_excerpt --><!-- AddThis Share Buttons generic via filter on wp_trim_excerpt --><\/p>\n","protected":false},"author":55669,"featured_media":0,"comment_status":"closed","ping_status":"closed","sticky":false,"template":"","format":"standard","meta":{"footnotes":""},"categories":[496787],"tags":[],"class_list":["post-8401","post","type-post","status-publish","format-standard","hentry","category-sin-categoria-es","post-preview"],"_links":{"self":[{"href":"https:\/\/cegea.upv.es\/index.php?rest_route=\/wp\/v2\/posts\/8401","targetHints":{"allow":["GET"]}}],"collection":[{"href":"https:\/\/cegea.upv.es\/index.php?rest_route=\/wp\/v2\/posts"}],"about":[{"href":"https:\/\/cegea.upv.es\/index.php?rest_route=\/wp\/v2\/types\/post"}],"author":[{"embeddable":true,"href":"https:\/\/cegea.upv.es\/index.php?rest_route=\/wp\/v2\/users\/55669"}],"replies":[{"embeddable":true,"href":"https:\/\/cegea.upv.es\/index.php?rest_route=%2Fwp%2Fv2%2Fcomments&post=8401"}],"version-history":[{"count":1,"href":"https:\/\/cegea.upv.es\/index.php?rest_route=\/wp\/v2\/posts\/8401\/revisions"}],"predecessor-version":[{"id":8404,"href":"https:\/\/cegea.upv.es\/index.php?rest_route=\/wp\/v2\/posts\/8401\/revisions\/8404"}],"wp:attachment":[{"href":"https:\/\/cegea.upv.es\/index.php?rest_route=%2Fwp%2Fv2%2Fmedia&parent=8401"}],"wp:term":[{"taxonomy":"category","embeddable":true,"href":"https:\/\/cegea.upv.es\/index.php?rest_route=%2Fwp%2Fv2%2Fcategories&post=8401"},{"taxonomy":"post_tag","embeddable":true,"href":"https:\/\/cegea.upv.es\/index.php?rest_route=%2Fwp%2Fv2%2Ftags&post=8401"}],"curies":[{"name":"wp","href":"https:\/\/api.w.org\/{rel}","templated":true}]}}