{"id":8405,"date":"2024-03-04T10:04:30","date_gmt":"2024-03-04T09:04:30","guid":{"rendered":"https:\/\/www.cegea.upv.es\/?p=8405"},"modified":"2024-03-04T10:04:31","modified_gmt":"2024-03-04T09:04:31","slug":"jornada-celebrada-sobre-el-reglamento-ue-de-servicios-digitales","status":"publish","type":"post","link":"https:\/\/cegea.upv.es\/?p=8405","title":{"rendered":"Jornada celebrada sobre el Reglamento (UE) de Servicios Digitales"},"content":{"rendered":"\n<figure class=\"wp-block-image size-large\"><a href=\"https:\/\/www.cegea.upv.es\/wp-content\/uploads\/2024\/03\/c94759fa-423e-4404-bb4c-53208982db7e.jpg\"><img loading=\"lazy\" decoding=\"async\" width=\"1024\" height=\"453\" src=\"https:\/\/www.cegea.upv.es\/wp-content\/uploads\/2024\/03\/c94759fa-423e-4404-bb4c-53208982db7e-1024x453.jpg\" alt=\"\" class=\"wp-image-8406\" srcset=\"https:\/\/cegea.upv.es\/wp-content\/uploads\/2024\/03\/c94759fa-423e-4404-bb4c-53208982db7e-1024x453.jpg 1024w, https:\/\/cegea.upv.es\/wp-content\/uploads\/2024\/03\/c94759fa-423e-4404-bb4c-53208982db7e-300x133.jpg 300w, https:\/\/cegea.upv.es\/wp-content\/uploads\/2024\/03\/c94759fa-423e-4404-bb4c-53208982db7e-768x339.jpg 768w, https:\/\/cegea.upv.es\/wp-content\/uploads\/2024\/03\/c94759fa-423e-4404-bb4c-53208982db7e-676x299.jpg 676w, https:\/\/cegea.upv.es\/wp-content\/uploads\/2024\/03\/c94759fa-423e-4404-bb4c-53208982db7e.jpg 1188w\" sizes=\"auto, (max-width: 1024px) 100vw, 1024px\" \/><\/a><\/figure>\n\n\n\n<p style=\"text-align: justify\">Ayer d\u00eda 29 de febrero se celebr\u00f3 la Jornada sobre el Reglamento (UE) de Servicios Digitales bajo la Direcci\u00f3n de los profesores Jos\u00e9 Corber\u00e1 Mart\u00ednez (UPV) y Eduardo Miranda Ribera (UVEG) en el sal\u00f3n de actos de la Facultad de Administraci\u00f3n y Direcci\u00f3n de Empresas.<\/p>\n<p style=\"text-align: justify\">La jornada tuvo por objeto el an\u00e1lisis de distintos aspectos de esta nueva normativa de la Uni\u00f3n Europea que actualiza el marco regulatorio de internet y cont\u00f3, adem\u00e1s, con la presentaci\u00f3n de la obra colectiva \u201cAn\u00e1lisis del Reglamento (UE) de servicios digitales y su interrelaci\u00f3n con otras normas de la Uni\u00f3n Europea\u201d publicada en la prestigiosa editorial Aranzadi Thomson- Reuters (2024).<\/p>\n<p style=\"text-align: justify\">El evento fue inaugurado por la Decana de la Facultad, Mar\u00eda del Mar MAR\u00cdN S\u00c1NCHEZ y por el secretario de CEGEA, Felipe Palau Ram\u00edrez, quienes agradecieron a los directores de la Jornada la iniciativa conjunta con la Facultad de Derecho de la Universitat de Val\u00e8ncia y pusieron el foco de intenci\u00f3n en la relevancia y novedad de la tem\u00e1tica escogida, y animaron a seguir realizando este tipo de eventos multidisciplinares tan interesantes para la comunidad cient\u00edfica como el alumnado.<\/p>\n<p style=\"text-align: justify\">Tras la inauguraci\u00f3n, el profesor Palau Ram\u00edrez moder\u00f3 la primera mesa en la que se analiz\u00f3 el Reglamento (UE) de servicios digitales como contrapeso de la Uni\u00f3n Europea al poder de las plataformas en l\u00ednea por parte del profesor Jos\u00e9 Juan Castell\u00f3 Pastor (UVEG)\u00a0, las \u00f3rdenes de actuaci\u00f3n contra contenidos il\u00edcitos por el profesor Guillermo Palao Moreno (UVEG)\u00a0y la resoluci\u00f3n extrajudicial de controversias en el referido texto normativo por la investigadora predoctoral Rosa Pl\u00e1 Almendros (UVEG). Seguidamente, se trataron otros relevantes aspectos del Reglamento: la publicidad digital en las plataformas en l\u00ednea por la profesora Rosa Lapiedra Alcam\u00ed (UVEG)\u00a0y la prohibici\u00f3n de las \u201cdeceiptive patterns\u201d por el profesor Jos\u00e9 Corber\u00e1 Mart\u00ednez (UPV), una mesa dinamizada por el profesor Jes\u00fas Olavarr\u00eda (UVEG). Y se cerr\u00f3 la jornada con las ponencias relacionadas con los riesgos sist\u00e9micos de las grandes plataformas digitales por parte de la profesora Isabel Reig Fabado (UVEG)\u00a0y el futuro papel de los prestadores de servicios en la cooperaci\u00f3n judicial penal por la profesora Patricia Llopis Nadal (UVEG), moderadas por Eduardo Miranda Ribera (UVEG). La Jornada fue un \u00e9xito.<\/p>\n\n\n<!-- AddThis Advanced Settings generic via filter on the_content --><!-- AddThis Share Buttons generic via filter on the_content -->","protected":false},"excerpt":{"rendered":"<p>Ayer d\u00eda 29 de febrero se celebr\u00f3 la Jornada sobre el Reglamento (UE) de Servicios Digitales bajo la Direcci\u00f3n de los profesores Jos\u00e9 Corber\u00e1 Mart\u00ednez (UPV) y Eduardo Miranda Ribera (UVEG) en el sal\u00f3n de actos de la Facultad de Administraci\u00f3n y Direcci\u00f3n de Empresas. La jornada tuvo por objeto el an\u00e1lisis de distintos aspectos [&hellip;]<!-- AddThis Advanced Settings generic via filter on wp_trim_excerpt --><!-- AddThis Share Buttons generic via filter on wp_trim_excerpt --><\/p>\n","protected":false},"author":55669,"featured_media":0,"comment_status":"closed","ping_status":"closed","sticky":false,"template":"","format":"standard","meta":{"footnotes":""},"categories":[496787],"tags":[],"class_list":["post-8405","post","type-post","status-publish","format-standard","hentry","category-sin-categoria-es","post-preview"],"_links":{"self":[{"href":"https:\/\/cegea.upv.es\/index.php?rest_route=\/wp\/v2\/posts\/8405","targetHints":{"allow":["GET"]}}],"collection":[{"href":"https:\/\/cegea.upv.es\/index.php?rest_route=\/wp\/v2\/posts"}],"about":[{"href":"https:\/\/cegea.upv.es\/index.php?rest_route=\/wp\/v2\/types\/post"}],"author":[{"embeddable":true,"href":"https:\/\/cegea.upv.es\/index.php?rest_route=\/wp\/v2\/users\/55669"}],"replies":[{"embeddable":true,"href":"https:\/\/cegea.upv.es\/index.php?rest_route=%2Fwp%2Fv2%2Fcomments&post=8405"}],"version-history":[{"count":1,"href":"https:\/\/cegea.upv.es\/index.php?rest_route=\/wp\/v2\/posts\/8405\/revisions"}],"predecessor-version":[{"id":8407,"href":"https:\/\/cegea.upv.es\/index.php?rest_route=\/wp\/v2\/posts\/8405\/revisions\/8407"}],"wp:attachment":[{"href":"https:\/\/cegea.upv.es\/index.php?rest_route=%2Fwp%2Fv2%2Fmedia&parent=8405"}],"wp:term":[{"taxonomy":"category","embeddable":true,"href":"https:\/\/cegea.upv.es\/index.php?rest_route=%2Fwp%2Fv2%2Fcategories&post=8405"},{"taxonomy":"post_tag","embeddable":true,"href":"https:\/\/cegea.upv.es\/index.php?rest_route=%2Fwp%2Fv2%2Ftags&post=8405"}],"curies":[{"name":"wp","href":"https:\/\/api.w.org\/{rel}","templated":true}]}}