{"id":8546,"date":"2025-08-08T08:49:35","date_gmt":"2025-08-08T07:49:35","guid":{"rendered":"https:\/\/www.cegea.upv.es\/?p=8546"},"modified":"2025-09-10T12:01:17","modified_gmt":"2025-09-10T11:01:17","slug":"juan-julia-nombrado-socio-de-honor-de-aeca-2","status":"publish","type":"post","link":"https:\/\/cegea.upv.es\/?p=8546","title":{"rendered":"\u00abComunicado de condolencias\u00bb"},"content":{"rendered":"<div class=\"wp-block-image\">\n<figure class=\"aligncenter size-full is-resized\"><a href=\"https:\/\/www.cegea.upv.es\/wp-content\/uploads\/2025\/08\/Descanse-en-paz.png\"><img loading=\"lazy\" decoding=\"async\" width=\"526\" height=\"626\" src=\"https:\/\/www.cegea.upv.es\/wp-content\/uploads\/2025\/08\/Descanse-en-paz.png\" alt=\"\" class=\"wp-image-8547\" style=\"width:192px;height:auto\" srcset=\"https:\/\/cegea.upv.es\/wp-content\/uploads\/2025\/08\/Descanse-en-paz.png 526w, https:\/\/cegea.upv.es\/wp-content\/uploads\/2025\/08\/Descanse-en-paz-252x300.png 252w\" sizes=\"auto, (max-width: 526px) 100vw, 526px\" \/><\/a><\/figure>\n<\/div>\n\n\n<p class=\"\" style=\"text-align: justify\" data-start=\"159\" data-end=\"495\"><span style=\"font-size: inherit\">Con gran tristeza os informamos del fallecimiento de nuestra querida compa\u00f1era <strong>M\u00aa Elvira Salvador Pascual<\/strong>, quien ha sido durante a\u00f1os la <strong>responsable t\u00e9cnica de los m\u00e1steres que se imparten en CEGEA<\/strong>.<\/span><\/p>\n<p style=\"text-align: justify\" data-start=\"159\" data-end=\"495\">Queremos transmitir nuestro m\u00e1s sentido p\u00e9same a su familia, amistades y a todas las personas que compartieron con ella su compromiso profesional y su gran calidad humana.<\/p>\n<blockquote data-start=\"594\" data-end=\"1268\">\n<p class=\"\" style=\"text-align: justify\" data-start=\"596\" data-end=\"1268\">\u201cSu familia nos ha informado de que <strong>el velatorio tendr\u00e1 lugar hoy, viernes 8 de septiembre<\/strong>, en el tanatorio del Hospital de Sagunto. <strong>La misa funeral se celebrar\u00e1 ma\u00f1ana, s\u00e1bado 9 de septiembre, a las 11:00 horas,<\/strong> en la Parroquia de los Desamparados, tambi\u00e9n en Sagunto.\u201d<\/p>\n<\/blockquote>\n<p class=\"\" style=\"text-align: justify\" data-start=\"1270\" data-end=\"1545\"><strong>Descanse en paz.<\/strong><\/p>\n\n\n\n\n\n\n<!-- AddThis Advanced Settings generic via filter on the_content --><!-- AddThis Share Buttons generic via filter on the_content -->","protected":false},"excerpt":{"rendered":"<p>Con gran tristeza os informamos del fallecimiento de nuestra querida compa\u00f1era M\u00aa Elvira Salvador Pascual, quien ha sido durante a\u00f1os la responsable t\u00e9cnica de los m\u00e1steres que se imparten en CEGEA. Queremos transmitir nuestro m\u00e1s sentido p\u00e9same a su familia, amistades y a todas las personas que compartieron con ella su compromiso profesional y su [&hellip;]<!-- AddThis Advanced Settings generic via filter on wp_trim_excerpt --><!-- AddThis Share Buttons generic via filter on wp_trim_excerpt --><\/p>\n","protected":false},"author":55669,"featured_media":0,"comment_status":"closed","ping_status":"closed","sticky":false,"template":"","format":"standard","meta":{"footnotes":""},"categories":[496787],"tags":[],"class_list":["post-8546","post","type-post","status-publish","format-standard","hentry","category-sin-categoria-es","post-preview"],"_links":{"self":[{"href":"https:\/\/cegea.upv.es\/index.php?rest_route=\/wp\/v2\/posts\/8546","targetHints":{"allow":["GET"]}}],"collection":[{"href":"https:\/\/cegea.upv.es\/index.php?rest_route=\/wp\/v2\/posts"}],"about":[{"href":"https:\/\/cegea.upv.es\/index.php?rest_route=\/wp\/v2\/types\/post"}],"author":[{"embeddable":true,"href":"https:\/\/cegea.upv.es\/index.php?rest_route=\/wp\/v2\/users\/55669"}],"replies":[{"embeddable":true,"href":"https:\/\/cegea.upv.es\/index.php?rest_route=%2Fwp%2Fv2%2Fcomments&post=8546"}],"version-history":[{"count":1,"href":"https:\/\/cegea.upv.es\/index.php?rest_route=\/wp\/v2\/posts\/8546\/revisions"}],"predecessor-version":[{"id":8548,"href":"https:\/\/cegea.upv.es\/index.php?rest_route=\/wp\/v2\/posts\/8546\/revisions\/8548"}],"wp:attachment":[{"href":"https:\/\/cegea.upv.es\/index.php?rest_route=%2Fwp%2Fv2%2Fmedia&parent=8546"}],"wp:term":[{"taxonomy":"category","embeddable":true,"href":"https:\/\/cegea.upv.es\/index.php?rest_route=%2Fwp%2Fv2%2Fcategories&post=8546"},{"taxonomy":"post_tag","embeddable":true,"href":"https:\/\/cegea.upv.es\/index.php?rest_route=%2Fwp%2Fv2%2Ftags&post=8546"}],"curies":[{"name":"wp","href":"https:\/\/api.w.org\/{rel}","templated":true}]}}