{"id":8550,"date":"2025-09-08T10:31:54","date_gmt":"2025-09-08T09:31:54","guid":{"rendered":"https:\/\/www.cegea.upv.es\/?p=8550"},"modified":"2025-09-10T13:33:51","modified_gmt":"2025-09-10T12:33:51","slug":"jornada-de-aspectos-legales-de-la-industria-textil","status":"publish","type":"post","link":"https:\/\/cegea.upv.es\/?p=8550","title":{"rendered":"\u00abJornada de Aspectos Legales de la Industria Textil\u00bb"},"content":{"rendered":"\n<p style=\"text-align: center\"><a href=\"https:\/\/www.cegea.upv.es\/wp-content\/uploads\/2025\/09\/Cartel.png\"><img loading=\"lazy\" decoding=\"async\" class=\"alignnone size-medium wp-image-8554\" src=\"https:\/\/www.cegea.upv.es\/wp-content\/uploads\/2025\/09\/Cartel-209x300.png\" alt=\"\" width=\"209\" height=\"300\" srcset=\"https:\/\/cegea.upv.es\/wp-content\/uploads\/2025\/09\/Cartel-209x300.png 209w, https:\/\/cegea.upv.es\/wp-content\/uploads\/2025\/09\/Cartel.png 582w\" sizes=\"auto, (max-width: 209px) 100vw, 209px\" \/><\/a><\/p>\n\n\n\n<p style=\"text-align: justify\">La industria textil vive un momento de transformaci\u00f3n marcado por la internacionalizaci\u00f3n, la innovaci\u00f3n tecnol\u00f3gica y la necesidad de proteger la creatividad en un mercado altamente competitivo. Para abordar estos retos desde una perspectiva jur\u00eddica y estrat\u00e9gica, el pr\u00f3ximo 19 de septiembre de 2025 se celebrar\u00e1 en el Campus de Alcoy de la Universitat Polit\u00e8cnica de Val\u00e8ncia (UPV) la Jornada Aspectos Legales de la Industria Textil, organizada por el CEGEA-UPV en colaboraci\u00f3n con ATEVAL.<\/p>\n<ul>\n<li style=\"text-align: justify\">Lugar: Sal\u00f3n de Grados Roberto Garc\u00eda Pay\u00e1, Campus d\u2019Alcoi de la UPV<\/li>\n<li style=\"text-align: justify\">Horario: de 9:00 a 14:00 h<\/li>\n<\/ul>\n<p style=\"text-align: justify\">La jornada reunir\u00e1 a expertos acad\u00e9micos, juristas y representantes de la industria para reflexionar sobre los principales desaf\u00edos legales que afronta el sector:<\/p>\n<ul>\n<li style=\"text-align: justify\">Internacionalizaci\u00f3n y sucesi\u00f3n en la empresa familiar. Claves jur\u00eddicas para expandirse en mercados internacionales y garantizar la continuidad generacional.<\/li>\n<li style=\"text-align: justify\">Propiedad intelectual y moda. C\u00f3mo proteger el dise\u00f1o, el trade dress, los derechos de autor y las marcas patr\u00f3n en un entorno globalizado.<\/li>\n<li style=\"text-align: justify\">Innovaci\u00f3n y sostenibilidad. Casos de \u00e9xito en I+D en el sector textil y los retos que plantea la incorporaci\u00f3n de nuevas tecnolog\u00edas.<\/li>\n<\/ul>\n<p style=\"text-align: justify\">Entre los ponentes destacan Alfonso Ortega Gim\u00e9nez (UMH), Ra\u00fal S\u00e1nchez Fern\u00e1ndez (Roca Junyent Grupo \u2013 Gaona), Araceli Casamayor de Blas, Felipe Palau Ram\u00edrez (UPV), Vicente Cambra (AITEX) y Laura Santos Silvestre (ATEVAL), moderados por profesores e investigadores de CEGEA-UPV.<\/p>\n<p style=\"text-align: justify\">Esta jornada est\u00e1 dirigida a empresarios, responsables legales, profesionales del sector textil, estudiantes y acad\u00e9micos que quieran conocer de primera mano las claves jur\u00eddicas que afectan al presente y futuro de la industria. No te pierdas la oportunidad de actualizarte, resolver dudas legales y generar contactos en un encuentro que conectar\u00e1 la academia con el sector empresarial.<\/p>\n<p>Entrada gratuita hasta completar el aforo.<\/p>\n<p><a href=\"https:\/\/www.cegea.upv.es\/wp-content\/uploads\/2025\/09\/Programa-Aspectos-Legales-de-la-Industria-Textil_ok.pdf\">Descarga aqu\u00ed el programa de la Jornada.<\/a><\/p>\n<p style=\"text-align: justify\">\u00a0<\/p>\n\n\n<!-- AddThis Advanced Settings generic via filter on the_content --><!-- AddThis Share Buttons generic via filter on the_content -->","protected":false},"excerpt":{"rendered":"<p>La industria textil vive un momento de transformaci\u00f3n marcado por la internacionalizaci\u00f3n, la innovaci\u00f3n tecnol\u00f3gica y la necesidad de proteger la creatividad en un mercado altamente competitivo. Para abordar estos retos desde una perspectiva jur\u00eddica y estrat\u00e9gica, el pr\u00f3ximo 19 de septiembre de 2025 se celebrar\u00e1 en el Campus de Alcoy de la Universitat Polit\u00e8cnica [&hellip;]<!-- AddThis Advanced Settings generic via filter on wp_trim_excerpt --><!-- AddThis Share Buttons generic via filter on wp_trim_excerpt --><\/p>\n","protected":false},"author":55669,"featured_media":0,"comment_status":"closed","ping_status":"closed","sticky":false,"template":"","format":"standard","meta":{"footnotes":""},"categories":[496787],"tags":[],"class_list":["post-8550","post","type-post","status-publish","format-standard","hentry","category-sin-categoria-es","post-preview"],"_links":{"self":[{"href":"https:\/\/cegea.upv.es\/index.php?rest_route=\/wp\/v2\/posts\/8550","targetHints":{"allow":["GET"]}}],"collection":[{"href":"https:\/\/cegea.upv.es\/index.php?rest_route=\/wp\/v2\/posts"}],"about":[{"href":"https:\/\/cegea.upv.es\/index.php?rest_route=\/wp\/v2\/types\/post"}],"author":[{"embeddable":true,"href":"https:\/\/cegea.upv.es\/index.php?rest_route=\/wp\/v2\/users\/55669"}],"replies":[{"embeddable":true,"href":"https:\/\/cegea.upv.es\/index.php?rest_route=%2Fwp%2Fv2%2Fcomments&post=8550"}],"version-history":[{"count":2,"href":"https:\/\/cegea.upv.es\/index.php?rest_route=\/wp\/v2\/posts\/8550\/revisions"}],"predecessor-version":[{"id":8569,"href":"https:\/\/cegea.upv.es\/index.php?rest_route=\/wp\/v2\/posts\/8550\/revisions\/8569"}],"wp:attachment":[{"href":"https:\/\/cegea.upv.es\/index.php?rest_route=%2Fwp%2Fv2%2Fmedia&parent=8550"}],"wp:term":[{"taxonomy":"category","embeddable":true,"href":"https:\/\/cegea.upv.es\/index.php?rest_route=%2Fwp%2Fv2%2Fcategories&post=8550"},{"taxonomy":"post_tag","embeddable":true,"href":"https:\/\/cegea.upv.es\/index.php?rest_route=%2Fwp%2Fv2%2Ftags&post=8550"}],"curies":[{"name":"wp","href":"https:\/\/api.w.org\/{rel}","templated":true}]}}