{"id":8571,"date":"2025-09-18T09:22:55","date_gmt":"2025-09-18T08:22:55","guid":{"rendered":"https:\/\/www.cegea.upv.es\/?p=8571"},"modified":"2025-09-18T09:22:56","modified_gmt":"2025-09-18T08:22:56","slug":"congreso-juridico-de-economia-social-en-la-upf-barcelona-school-of-management","status":"publish","type":"post","link":"https:\/\/cegea.upv.es\/?p=8571","title":{"rendered":"\u00abCongreso Jur\u00eddico de Econom\u00eda Social en la UPF Barcelona School of Management\u00bb"},"content":{"rendered":"\n<p style=\"text-align: center\"><a href=\"https:\/\/www.cegea.upv.es\/wp-content\/uploads\/2025\/09\/Capturacongress.png\"><img loading=\"lazy\" decoding=\"async\" class=\"alignnone size-medium wp-image-8574\" src=\"https:\/\/www.cegea.upv.es\/wp-content\/uploads\/2025\/09\/Capturacongress-150x300.png\" alt=\"\" width=\"150\" height=\"300\" srcset=\"https:\/\/cegea.upv.es\/wp-content\/uploads\/2025\/09\/Capturacongress-150x300.png 150w, https:\/\/cegea.upv.es\/wp-content\/uploads\/2025\/09\/Capturacongress.png 393w\" sizes=\"auto, (max-width: 150px) 100vw, 150px\" \/><\/a><\/p>\n\n\n\n<p style=\"text-align: justify\">Los pr\u00f3ximos<strong> 29 y 30 de septiembre de 2025<\/strong> se celebrar\u00e1 en la <strong>Barcelona School of Management de la Universitat Pompeu Fabra (UPF-BSM)<\/strong> el <strong>Segundo Congreso Jur\u00eddico de Econom\u00eda Social: \u201cRetos jur\u00eddicos de la econom\u00eda social: sostenibilidad y eficiencia\u201d.<\/strong><\/p>\n<p style=\"text-align: justify\">El encuentro est\u00e1 <strong>dirigido por Felipe Palau Ram\u00edrez<\/strong>, Director del CEGEA y de la Revista Jur\u00eddica de Econom\u00eda Social y Cooperativa (CIRIEC-Espa\u00f1a), junto con el profesor Daniel V\u00e1zquez.<\/p>\n<p style=\"text-align: justify\">El congreso reunir\u00e1 a acad\u00e9micos, juristas y profesionales para debatir sobre los principales desaf\u00edos normativos y de gobernanza que afrontan las entidades de la econom\u00eda social en un contexto marcado por la sostenibilidad y la eficiencia.<\/p>\n<p style=\"text-align: justify\">M\u00e1s informaci\u00f3n\u00a0 y enlace de inscripci\u00f3n disponibles en el <a href=\"https:\/\/www.cegea.upv.es\/wp-content\/uploads\/2025\/09\/triptico-congreso.pdf\">tr\u00edptico del evento<\/a>.<\/p>\n\n\n<!-- AddThis Advanced Settings generic via filter on the_content --><!-- AddThis Share Buttons generic via filter on the_content -->","protected":false},"excerpt":{"rendered":"<p>Los pr\u00f3ximos 29 y 30 de septiembre de 2025 se celebrar\u00e1 en la Barcelona School of Management de la Universitat Pompeu Fabra (UPF-BSM) el Segundo Congreso Jur\u00eddico de Econom\u00eda Social: \u201cRetos jur\u00eddicos de la econom\u00eda social: sostenibilidad y eficiencia\u201d. El encuentro est\u00e1 dirigido por Felipe Palau Ram\u00edrez, Director del CEGEA y de la Revista Jur\u00eddica [&hellip;]<!-- AddThis Advanced Settings generic via filter on wp_trim_excerpt --><!-- AddThis Share Buttons generic via filter on wp_trim_excerpt --><\/p>\n","protected":false},"author":55669,"featured_media":0,"comment_status":"closed","ping_status":"closed","sticky":false,"template":"","format":"standard","meta":{"footnotes":""},"categories":[496787],"tags":[],"class_list":["post-8571","post","type-post","status-publish","format-standard","hentry","category-sin-categoria-es","post-preview"],"_links":{"self":[{"href":"https:\/\/cegea.upv.es\/index.php?rest_route=\/wp\/v2\/posts\/8571","targetHints":{"allow":["GET"]}}],"collection":[{"href":"https:\/\/cegea.upv.es\/index.php?rest_route=\/wp\/v2\/posts"}],"about":[{"href":"https:\/\/cegea.upv.es\/index.php?rest_route=\/wp\/v2\/types\/post"}],"author":[{"embeddable":true,"href":"https:\/\/cegea.upv.es\/index.php?rest_route=\/wp\/v2\/users\/55669"}],"replies":[{"embeddable":true,"href":"https:\/\/cegea.upv.es\/index.php?rest_route=%2Fwp%2Fv2%2Fcomments&post=8571"}],"version-history":[{"count":2,"href":"https:\/\/cegea.upv.es\/index.php?rest_route=\/wp\/v2\/posts\/8571\/revisions"}],"predecessor-version":[{"id":8575,"href":"https:\/\/cegea.upv.es\/index.php?rest_route=\/wp\/v2\/posts\/8571\/revisions\/8575"}],"wp:attachment":[{"href":"https:\/\/cegea.upv.es\/index.php?rest_route=%2Fwp%2Fv2%2Fmedia&parent=8571"}],"wp:term":[{"taxonomy":"category","embeddable":true,"href":"https:\/\/cegea.upv.es\/index.php?rest_route=%2Fwp%2Fv2%2Fcategories&post=8571"},{"taxonomy":"post_tag","embeddable":true,"href":"https:\/\/cegea.upv.es\/index.php?rest_route=%2Fwp%2Fv2%2Ftags&post=8571"}],"curies":[{"name":"wp","href":"https:\/\/api.w.org\/{rel}","templated":true}]}}