{"id":8577,"date":"2025-10-03T18:57:57","date_gmt":"2025-10-03T17:57:57","guid":{"rendered":"https:\/\/www.cegea.upv.es\/?p=8577"},"modified":"2025-10-03T19:01:04","modified_gmt":"2025-10-03T18:01:04","slug":"lorca-acoge-los-encuentros-enuies-y-rejies-de-economia-social-los-dias-4-y-5-de-diciembre","status":"publish","type":"post","link":"https:\/\/cegea.upv.es\/?p=8577","title":{"rendered":"Lorca acoge los Encuentros ENUIES y REJIES de Econom\u00eda Social los d\u00edas 4 y 5 de diciembre"},"content":{"rendered":"\n<p style=\"text-align: justify\">Los pr\u00f3ximos 4 y 5 de diciembre, Lorca, en la Regi\u00f3n de Murcia, se convertir\u00e1 en el escenario central para la investigaci\u00f3n en econom\u00eda social en Espa\u00f1a, con la celebraci\u00f3n conjunta de los Encuentros de la Red de Centros e Institutos Universitarios de Investigaci\u00f3n en Econom\u00eda Social (ENUIES), de CIRIEC-Espa\u00f1a, y la Red Espa\u00f1ola de J\u00f3venes Investigadores en Econom\u00eda Social (REJIES). Este evento coincide con la Capitalidad Espa\u00f1ola de la Econom\u00eda Social 2025, un reconocimiento al firme compromiso de la Regi\u00f3n con un modelo econ\u00f3mico sostenible, inclusivo y solidario.<\/p>\n<p style=\"text-align: justify\">En estos encuentros se reunir\u00e1n tanto investigadores senior como j\u00f3venes talentos procedentes de c\u00e1tedras, centros e institutos universitarios especializados en econom\u00eda social. La organizaci\u00f3n estar\u00e1 a cargo de la C\u00e1tedra de Econom\u00eda Social de la Universidad de Murcia (UMU) y la C\u00e1tedra Cajamar de Cooperativismo Agroalimentario de la Universidad Polit\u00e9cnica de Cartagena (UPCT), que acoger\u00e1n el evento en el Campus Universitario de Lorca, parte del proyecto Campus Mare Nostrum.<\/p>\n<p style=\"text-align: justify\">El principal objetivo es fomentar la formaci\u00f3n, la investigaci\u00f3n aplicada y la transferencia de conocimiento, estrechando la colaboraci\u00f3n entre el mundo acad\u00e9mico, el tejido cooperativo y las administraciones p\u00fablicas. El programa incluye conferencias, mesas redondas y visitas pr\u00e1cticas, destacando la visita a la cooperativa ALIMER, un referente en buenas pr\u00e1cticas dentro de la econom\u00eda social.<\/p>\n<p style=\"text-align: justify\"><strong>Entre las actividades m\u00e1s destacadas figuran:<\/strong><\/p>\n<p style=\"text-align: justify\"><strong>\u2022 Conferencia inaugural:<\/strong> \u201cTransferencia de conocimiento en econom\u00eda social\u201d, a cargo de Juan Francisco Juli\u00e1 Igual, presidente de la Red ENUIES.<br \/>\u2022 <strong>Ponencia:<\/strong> Estado actual de la investigaci\u00f3n y formaci\u00f3n universitaria en econom\u00eda social en Espa\u00f1a, presentada por Mill\u00e1n D\u00edaz.<br \/>\u2022<strong> Mesas redondas tem\u00e1ticas:<\/strong> centradas en la evaluaci\u00f3n de la transferencia de la actividad investigadora, y en el caso de \u00e9xito de integraci\u00f3n de la cooperativa ALIMER.<br \/><strong>\u2022 Presentaci\u00f3n de comunicaciones:<\/strong> por j\u00f3venes investigadores pertenecientes a la red REJIES.<br \/><strong>\u2022 Conferencia de clausura<\/strong>: impartida por Juan Antonio Pedre\u00f1o, presidente de CEPES y Social Economy Europe.<\/p>\n<p style=\"text-align: justify\">La red REJIES invita a los j\u00f3venes investigadores a presentar sus comunicaciones hasta el 20 de octubre.<\/p>\n<p style=\"text-align: justify\">Desde CEGEA celebramos esta iniciativa que fortalece el papel de la universidad en la construcci\u00f3n de una econom\u00eda m\u00e1s justa, inclusiva y resiliente. Animamos especialmente a nuestros investigadores m\u00e1s j\u00f3venes a participar activamente en este espacio de encuentro, reflexi\u00f3n y colaboraci\u00f3n.<br \/><br \/><\/p>\n<p><a href=\"https:\/\/sites.google.com\/view\/encuentro-enuies-2025\">Web del Encuentro ENUIES y REJIES en Lorca<\/a><\/p>\n<p><a href=\"https:\/\/sites.google.com\/view\/encuentro-enuies-2025\/programa-red-enuies\">Programa del Encuentro ENUIES\u00a0<\/a><\/p>\n<p><a href=\"https:\/\/forms.gle\/nreABTh62pXkqwhq7\">Inscripci\u00f3n al Encuentro Red ENUIES<\/a><\/p>\n<p><a href=\"https:\/\/sites.google.com\/view\/encuentro-enuies-2025\/encuentro-rejies\">Llamada a comunicaciones y programa del Encuentro REJIES<\/a><\/p>\n\n\n<!-- AddThis Advanced Settings generic via filter on the_content --><!-- AddThis Share Buttons generic via filter on the_content -->","protected":false},"excerpt":{"rendered":"<p>Los pr\u00f3ximos 4 y 5 de diciembre, Lorca, en la Regi\u00f3n de Murcia, se convertir\u00e1 en el escenario central para la investigaci\u00f3n en econom\u00eda social en Espa\u00f1a, con la celebraci\u00f3n conjunta de los Encuentros de la Red de Centros e Institutos Universitarios de Investigaci\u00f3n en Econom\u00eda Social (ENUIES), de CIRIEC-Espa\u00f1a, y la Red Espa\u00f1ola de [&hellip;]<!-- AddThis Advanced Settings generic via filter on wp_trim_excerpt --><!-- AddThis Share Buttons generic via filter on wp_trim_excerpt --><\/p>\n","protected":false},"author":55669,"featured_media":0,"comment_status":"closed","ping_status":"closed","sticky":false,"template":"","format":"standard","meta":{"footnotes":""},"categories":[496787],"tags":[],"class_list":["post-8577","post","type-post","status-publish","format-standard","hentry","category-sin-categoria-es","post-preview"],"_links":{"self":[{"href":"https:\/\/cegea.upv.es\/index.php?rest_route=\/wp\/v2\/posts\/8577","targetHints":{"allow":["GET"]}}],"collection":[{"href":"https:\/\/cegea.upv.es\/index.php?rest_route=\/wp\/v2\/posts"}],"about":[{"href":"https:\/\/cegea.upv.es\/index.php?rest_route=\/wp\/v2\/types\/post"}],"author":[{"embeddable":true,"href":"https:\/\/cegea.upv.es\/index.php?rest_route=\/wp\/v2\/users\/55669"}],"replies":[{"embeddable":true,"href":"https:\/\/cegea.upv.es\/index.php?rest_route=%2Fwp%2Fv2%2Fcomments&post=8577"}],"version-history":[{"count":1,"href":"https:\/\/cegea.upv.es\/index.php?rest_route=\/wp\/v2\/posts\/8577\/revisions"}],"predecessor-version":[{"id":8581,"href":"https:\/\/cegea.upv.es\/index.php?rest_route=\/wp\/v2\/posts\/8577\/revisions\/8581"}],"wp:attachment":[{"href":"https:\/\/cegea.upv.es\/index.php?rest_route=%2Fwp%2Fv2%2Fmedia&parent=8577"}],"wp:term":[{"taxonomy":"category","embeddable":true,"href":"https:\/\/cegea.upv.es\/index.php?rest_route=%2Fwp%2Fv2%2Fcategories&post=8577"},{"taxonomy":"post_tag","embeddable":true,"href":"https:\/\/cegea.upv.es\/index.php?rest_route=%2Fwp%2Fv2%2Ftags&post=8577"}],"curies":[{"name":"wp","href":"https:\/\/api.w.org\/{rel}","templated":true}]}}