{"id":8593,"date":"2025-10-24T20:06:05","date_gmt":"2025-10-24T19:06:05","guid":{"rendered":"https:\/\/www.cegea.upv.es\/?p=8593"},"modified":"2025-10-24T20:06:05","modified_gmt":"2025-10-24T19:06:05","slug":"proxima-jornada-sobre-aspectos-juridicos-y-eticos-de-la-edicion-genica","status":"publish","type":"post","link":"https:\/\/cegea.upv.es\/?p=8593","title":{"rendered":"Pr\u00f3xima Jornada sobre \u201cAspectos Jur\u00eddicos y \u00c9ticos de la Edici\u00f3n G\u00e9nica\u201d"},"content":{"rendered":"\n<p style=\"text-align: center\"><a href=\"https:\/\/www.cegea.upv.es\/wp-content\/uploads\/2025\/10\/CARTEL.png\"><img loading=\"lazy\" decoding=\"async\" class=\"alignnone size-medium wp-image-8596\" src=\"https:\/\/www.cegea.upv.es\/wp-content\/uploads\/2025\/10\/CARTEL-212x300.png\" alt=\"\" width=\"212\" height=\"300\" srcset=\"https:\/\/cegea.upv.es\/wp-content\/uploads\/2025\/10\/CARTEL-212x300.png 212w, https:\/\/cegea.upv.es\/wp-content\/uploads\/2025\/10\/CARTEL.png 676w\" sizes=\"auto, (max-width: 212px) 100vw, 212px\" \/><\/a><\/p>\n\n\n\n<div style=\"text-align: justify\" data-olk-copy-source=\"MessageBody\">El pr\u00f3ximo 12 de noviembre se celebrar\u00e1 la Jornada sobre \u201cAspectos Jur\u00eddicos y \u00c9ticos de la Edici\u00f3n G\u00e9nica\u201d en el Sal\u00f3n de Actos de FADE de la UPV, desde las 10:00 hasta las 13:30 horas.<\/div>\n<div>\u00a0<\/div>\n<div style=\"text-align: justify\">Se trata de una actividad interuniversitaria e interdisciplinar impulsada por el Centro de Investigaci\u00f3n en Gesti\u00f3n de Empresas de la Universitat Polit\u00e8cnica de Val\u00e8ncia (CEGEA) y el \u00a0Grupo de Bioderecho de la Facultat de Dret de la Universitat de Val\u00e8ncia en la que se abordar\u00e1n los retos derivados de la irrupci\u00f3n de las nuevas t\u00e9cnicas de edici\u00f3n g\u00e9nica.<\/div>\n<div>\u00a0<\/div>\n<div style=\"text-align: justify\">A trav\u00e9s de esta actividad se busca aproximar de una forma clara al tiempo que rigurosa la situaci\u00f3n actual y los principales debates jur\u00eddicos y \u00e9ticos en el \u00e1mbito de la edici\u00f3n g\u00e9nica. \u00a0De la mano de expertos en esta materia del \u00e1mbito institucional, acad\u00e9mico e investigador se ofrecer\u00e1 una visi\u00f3n de car\u00e1cter jur\u00eddico sobre las propuestas normativas en materia de nuevas t\u00e9cnicas gen\u00f3micas (NGTs), as\u00ed como de las aplicaciones y los desaf\u00edos regulatorios que conlleva el empleo de estas t\u00e9cnicas en el sector agr\u00edcola, y tambi\u00e9n una perspectiva de car\u00e1cter \u00e9tico relacionadas con su aplicaci\u00f3n en seres humanos y en la investigaci\u00f3n de terapias g\u00e9nicas y farmacogen\u00e9ticas.<\/div>\n<div>\u00a0<\/div>\n<div style=\"text-align: justify\">El acceso a la jornada es libre hasta completar aforo (Sal\u00f3n de Actos, Facultad de Administraci\u00f3n y Direcci\u00f3n de Empresas, FADE, 2\u00aa Planta Edificio 7J UPV Campus de Vera, Valencia).<\/div>\n<div>\u00a0<\/div>\n<div style=\"text-align: justify\">Esta actividad se enmarca en el Proyecto CIAICO\/2023\/269 \u201cAgricultura del futuro digitalizaci\u00f3n y nuevas t\u00e9cnicas de edici\u00f3n gen\u00f3mica\u201d. Asimismo, colaboran: Proyecto \u201cBases para la modernizaci\u00f3n y mejora del r\u00e9gimen de la propiedad industrial e intelectual ante los desaf\u00edos de la agenda digital y las exigencias de sostenibilidad\u201d, Proyecto PID2022-136567NB-I0, MCIN \/AEI \/10.13039\/501100011033 \/ FEDER, UE. INNOPI, y el Grupo de Investigaci\u00f3n \u201cBioderecho\u201d de la Facultat de Dret, Universitat de Val\u00e8ncia.<\/div>\n<div>\u00a0<\/div>\n<div><a href=\"https:\/\/www.cegea.upv.es\/wp-content\/uploads\/2025\/10\/DI\u0301PTICO-PDF.pdf\">Descarga aqu\u00ed el d\u00edptico de la jornada.<\/a><\/div>\n\n\n\n\n<!-- AddThis Advanced Settings generic via filter on the_content --><!-- AddThis Share Buttons generic via filter on the_content -->","protected":false},"excerpt":{"rendered":"<p>El pr\u00f3ximo 12 de noviembre se celebrar\u00e1 la Jornada sobre \u201cAspectos Jur\u00eddicos y \u00c9ticos de la Edici\u00f3n G\u00e9nica\u201d en el Sal\u00f3n de Actos de FADE de la UPV, desde las 10:00 hasta las 13:30 horas. \u00a0 Se trata de una actividad interuniversitaria e interdisciplinar impulsada por el Centro de Investigaci\u00f3n en Gesti\u00f3n de Empresas de [&hellip;]<!-- AddThis Advanced Settings generic via filter on wp_trim_excerpt --><!-- AddThis Share Buttons generic via filter on wp_trim_excerpt --><\/p>\n","protected":false},"author":55669,"featured_media":0,"comment_status":"closed","ping_status":"closed","sticky":false,"template":"","format":"standard","meta":{"footnotes":""},"categories":[496787],"tags":[],"class_list":["post-8593","post","type-post","status-publish","format-standard","hentry","category-sin-categoria-es","post-preview"],"_links":{"self":[{"href":"https:\/\/cegea.upv.es\/index.php?rest_route=\/wp\/v2\/posts\/8593","targetHints":{"allow":["GET"]}}],"collection":[{"href":"https:\/\/cegea.upv.es\/index.php?rest_route=\/wp\/v2\/posts"}],"about":[{"href":"https:\/\/cegea.upv.es\/index.php?rest_route=\/wp\/v2\/types\/post"}],"author":[{"embeddable":true,"href":"https:\/\/cegea.upv.es\/index.php?rest_route=\/wp\/v2\/users\/55669"}],"replies":[{"embeddable":true,"href":"https:\/\/cegea.upv.es\/index.php?rest_route=%2Fwp%2Fv2%2Fcomments&post=8593"}],"version-history":[{"count":1,"href":"https:\/\/cegea.upv.es\/index.php?rest_route=\/wp\/v2\/posts\/8593\/revisions"}],"predecessor-version":[{"id":8597,"href":"https:\/\/cegea.upv.es\/index.php?rest_route=\/wp\/v2\/posts\/8593\/revisions\/8597"}],"wp:attachment":[{"href":"https:\/\/cegea.upv.es\/index.php?rest_route=%2Fwp%2Fv2%2Fmedia&parent=8593"}],"wp:term":[{"taxonomy":"category","embeddable":true,"href":"https:\/\/cegea.upv.es\/index.php?rest_route=%2Fwp%2Fv2%2Fcategories&post=8593"},{"taxonomy":"post_tag","embeddable":true,"href":"https:\/\/cegea.upv.es\/index.php?rest_route=%2Fwp%2Fv2%2Ftags&post=8593"}],"curies":[{"name":"wp","href":"https:\/\/api.w.org\/{rel}","templated":true}]}}