{"id":8609,"date":"2025-12-11T12:25:26","date_gmt":"2025-12-11T11:25:26","guid":{"rendered":"https:\/\/www.cegea.upv.es\/?p=8609"},"modified":"2025-12-11T12:28:54","modified_gmt":"2025-12-11T11:28:54","slug":"nuevo-grupo-de-trabajo-de-fiscalidad-de-cooperativas-y-otras-entidades-de-la-economia-social-de-aeca","status":"publish","type":"post","link":"https:\/\/cegea.upv.es\/?p=8609","title":{"rendered":"Nuevo grupo de Trabajo de \u00abFiscalidad de Cooperativas y otras Entidades de la Econom\u00eda Social\u00bb de AECA"},"content":{"rendered":"\n<p style=\"text-align: justify\">El profesor Fernando Hern\u00e1ndez, miembro de CEGEA, coordinador del nuevo Grupo de Trabajo de \u201cFiscalidad de Cooperativas y otras Entidades de la Econom\u00eda Social\u201d, de la Comisi\u00f3n de Cooperativas y otras Empresas de la Econom\u00eda Social de AECA.<\/p>\n<p style=\"text-align: justify\">En la Junta Directiva de la AECA de este jueves 11 de diciembre se present\u00f3 el informe de actividades del a\u00f1o de su Comisi\u00f3n de Cooperativas y otras Empresas de la Econom\u00eda Social por su Presidente el Profesor Juan Juli\u00e1. En ella, se acord\u00f3 la constituci\u00f3n de un nuevo Grupo de Trabajo sobre, \u201cfiscalidad de cooperativas y otras entidades de la econom\u00eda social\u201d, que contar\u00e1 como coordinador con el profesor titular de derecho financiero y tributario, Fernando Hern\u00e1ndez, es Doctor y Licenciado en Derecho por la Universidad de Valencia, Graduado en Gesti\u00f3n Econ\u00f3mico-Financiera por la Universidad Cat\u00f3lica de Valencia y Diplomado en Empresariales por la Universidad de Valencia, es adem\u00e1s magistrado suplente del Tribunal Superior de Justicia (TSJ) de la Comunitat Valenciana de la sala de lo contencioso, y viene colaborando con el Instituto de Estudios Fiscales desde que realizar\u00e1 all\u00ed una estancia postdoctoral de un a\u00f1o. Actualmente colabora tambi\u00e9n con la revista jur\u00eddica de CIRIEC-Espa\u00f1a, como responsable de la secci\u00f3n de fiscalidad de cooperativas y otras entidades de la Econom\u00eda Social.<\/p>\n\n\n\n<p style=\"text-align: center\"><a href=\"https:\/\/www.cegea.upv.es\/wp-content\/uploads\/2025\/12\/Fernando.png\"><img loading=\"lazy\" decoding=\"async\" class=\"alignnone size-full wp-image-8610\" src=\"https:\/\/www.cegea.upv.es\/wp-content\/uploads\/2025\/12\/Fernando.png\" alt=\"\" width=\"225\" height=\"225\" srcset=\"https:\/\/cegea.upv.es\/wp-content\/uploads\/2025\/12\/Fernando.png 225w, https:\/\/cegea.upv.es\/wp-content\/uploads\/2025\/12\/Fernando-150x150.png 150w\" sizes=\"auto, (max-width: 225px) 100vw, 225px\" \/><\/a><\/p>\n<!-- AddThis Advanced Settings generic via filter on the_content --><!-- AddThis Share Buttons generic via filter on the_content -->","protected":false},"excerpt":{"rendered":"<p>El profesor Fernando Hern\u00e1ndez, miembro de CEGEA, coordinador del nuevo Grupo de Trabajo de \u201cFiscalidad de Cooperativas y otras Entidades de la Econom\u00eda Social\u201d, de la Comisi\u00f3n de Cooperativas y otras Empresas de la Econom\u00eda Social de AECA. En la Junta Directiva de la AECA de este jueves 11 de diciembre se present\u00f3 el informe [&hellip;]<!-- AddThis Advanced Settings generic via filter on wp_trim_excerpt --><!-- AddThis Share Buttons generic via filter on wp_trim_excerpt --><\/p>\n","protected":false},"author":55669,"featured_media":0,"comment_status":"closed","ping_status":"closed","sticky":false,"template":"","format":"standard","meta":{"footnotes":""},"categories":[496787],"tags":[],"class_list":["post-8609","post","type-post","status-publish","format-standard","hentry","category-sin-categoria-es","post-preview"],"_links":{"self":[{"href":"https:\/\/cegea.upv.es\/index.php?rest_route=\/wp\/v2\/posts\/8609","targetHints":{"allow":["GET"]}}],"collection":[{"href":"https:\/\/cegea.upv.es\/index.php?rest_route=\/wp\/v2\/posts"}],"about":[{"href":"https:\/\/cegea.upv.es\/index.php?rest_route=\/wp\/v2\/types\/post"}],"author":[{"embeddable":true,"href":"https:\/\/cegea.upv.es\/index.php?rest_route=\/wp\/v2\/users\/55669"}],"replies":[{"embeddable":true,"href":"https:\/\/cegea.upv.es\/index.php?rest_route=%2Fwp%2Fv2%2Fcomments&post=8609"}],"version-history":[{"count":1,"href":"https:\/\/cegea.upv.es\/index.php?rest_route=\/wp\/v2\/posts\/8609\/revisions"}],"predecessor-version":[{"id":8613,"href":"https:\/\/cegea.upv.es\/index.php?rest_route=\/wp\/v2\/posts\/8609\/revisions\/8613"}],"wp:attachment":[{"href":"https:\/\/cegea.upv.es\/index.php?rest_route=%2Fwp%2Fv2%2Fmedia&parent=8609"}],"wp:term":[{"taxonomy":"category","embeddable":true,"href":"https:\/\/cegea.upv.es\/index.php?rest_route=%2Fwp%2Fv2%2Fcategories&post=8609"},{"taxonomy":"post_tag","embeddable":true,"href":"https:\/\/cegea.upv.es\/index.php?rest_route=%2Fwp%2Fv2%2Ftags&post=8609"}],"curies":[{"name":"wp","href":"https:\/\/api.w.org\/{rel}","templated":true}]}}