{"id":8614,"date":"2026-01-19T10:41:14","date_gmt":"2026-01-19T09:41:14","guid":{"rendered":"https:\/\/www.cegea.upv.es\/?p=8614"},"modified":"2026-01-19T13:21:34","modified_gmt":"2026-01-19T12:21:34","slug":"iii-seminario-de-investigacion-cuestiones-relevantes-de-la-regulacion-juridica-de-las-indicaciones-geograficas","status":"publish","type":"post","link":"https:\/\/cegea.upv.es\/?p=8614","title":{"rendered":"III Seminario de Investigaci\u00f3n: cuestiones relevantes de la regulaci\u00f3n jur\u00eddica de las indicaciones geogr\u00e1ficas"},"content":{"rendered":"\n<p style=\"text-align: justify\" data-start=\"326\" data-end=\"679\">El pr\u00f3ximo <strong data-start=\"337\" data-end=\"362\">20 de enero de 2026<\/strong>, el <strong data-start=\"367\" data-end=\"425\">Centro de Investigaci\u00f3n en Gesti\u00f3n de Empresas (CEGEA)<\/strong> de la <strong data-start=\"432\" data-end=\"471\">Universitat Polit\u00e8cnica de Val\u00e8ncia<\/strong> acoger\u00e1 el <strong data-start=\"483\" data-end=\"517\">III Seminario de Investigaci\u00f3n<\/strong> del <strong data-start=\"522\" data-end=\"550\">Proyecto CIAICO\/2023\/269<\/strong>, dedicado al an\u00e1lisis de las <strong data-start=\"580\" data-end=\"678\">cuestiones m\u00e1s relevantes y actuales de la regulaci\u00f3n jur\u00eddica de las indicaciones geogr\u00e1ficas<\/strong>.<\/p>\n<p style=\"text-align: justify\" data-start=\"681\" data-end=\"1119\">Las indicaciones geogr\u00e1ficas constituyen un instrumento clave para la protecci\u00f3n de productos agroalimentarios, la valorizaci\u00f3n del territorio y el desarrollo rural, y se encuentran en un momento de especial inter\u00e9s debido a los recientes cambios normativos y a los desaf\u00edos derivados de la digitalizaci\u00f3n y la sostenibilidad. Este seminario se plantea como un espacio de reflexi\u00f3n acad\u00e9mica y debate especializado en torno a estos retos.<\/p>\n<p style=\"text-align: justify\" data-start=\"1121\" data-end=\"1677\">El seminario ser\u00e1 inaugurado a las <strong data-start=\"1156\" data-end=\"1167\">12:30 h<\/strong> con la presentaci\u00f3n a cargo de <strong data-start=\"1199\" data-end=\"1223\">Felipe Palau Ram\u00edrez<\/strong>, catedr\u00e1tico de Derecho Mercantil de la Universitat Polit\u00e8cnica de Val\u00e8ncia. A continuaci\u00f3n, a las <strong data-start=\"1323\" data-end=\"1334\">12:40 h<\/strong>, tendr\u00e1 lugar la ponencia principal titulada <em data-start=\"1380\" data-end=\"1462\">\u201cCuestiones candentes de la regulaci\u00f3n jur\u00eddica de las indicaciones geogr\u00e1ficas\u201d<\/em>, impartida por <strong data-start=\"1478\" data-end=\"1506\">\u00c1ngel Mart\u00ednez Guti\u00e9rrez<\/strong>, catedr\u00e1tico de Derecho Mercantil de la Universidad de Ja\u00e9n, quien abordar\u00e1 los principales aspectos controvertidos y las tendencias recientes en este \u00e1mbito del Derecho.<\/p>\n<p style=\"text-align: justify\" data-start=\"1679\" data-end=\"1959\">El seminario concluir\u00e1 con un <strong data-start=\"1709\" data-end=\"1728\">debate moderado<\/strong> por <strong data-start=\"1733\" data-end=\"1756\">Pablo Amat Llombart<\/strong>, catedr\u00e1tico de Derecho Civil de la Universitat Polit\u00e8cnica de Val\u00e8ncia, que se iniciar\u00e1 a las <strong data-start=\"1852\" data-end=\"1863\">13:30 h<\/strong>, ofreciendo un espacio para el intercambio de ideas y la discusi\u00f3n entre ponentes y asistentes.<\/p>\n<p style=\"text-align: justify\" data-start=\"1961\" data-end=\"2336\">La actividad se llevar\u00e1 a cabo en el <strong data-start=\"2003\" data-end=\"2033\">Seminario Jos\u00e9 Manuel Vela<\/strong>, en la sede del <strong data-start=\"2050\" data-end=\"2149\">CEGEA (Facultad de Administraci\u00f3n y Direcci\u00f3n de Empresas, edificio 7J, 3\u00ba piso)<\/strong>, y se integra en las actuaciones de los proyectos de investigaci\u00f3n <strong data-start=\"2217\" data-end=\"2236\">CIAICO\/2023\/269 y <\/strong><strong data-start=\"2239\" data-end=\"2263\">PID2022-136567NB-I0\/MCIN\/AEI\/10.13039\/<\/strong><strong data-start=\"2239\" data-end=\"2263\">501100<\/strong><strong data-start=\"2239\" data-end=\"2263\">011<\/strong><strong data-start=\"2239\" data-end=\"2263\">0<\/strong><strong data-start=\"2239\" data-end=\"2263\">33<\/strong><strong data-start=\"2239\" data-end=\"2263\">\/FEDER,UE)<\/strong>.<\/p>\n\n\n\n<p>\u00a0<\/p>\n<p style=\"text-align: center\"><a href=\"https:\/\/www.cegea.upv.es\/wp-content\/uploads\/2026\/01\/WhatsApp-Image-2026-01-19-at-10.18.25.jpeg\"><img loading=\"lazy\" decoding=\"async\" class=\"alignnone size-medium wp-image-8615\" src=\"https:\/\/www.cegea.upv.es\/wp-content\/uploads\/2026\/01\/WhatsApp-Image-2026-01-19-at-10.18.25-212x300.jpeg\" alt=\"\" width=\"212\" height=\"300\" srcset=\"https:\/\/cegea.upv.es\/wp-content\/uploads\/2026\/01\/WhatsApp-Image-2026-01-19-at-10.18.25-212x300.jpeg 212w, https:\/\/cegea.upv.es\/wp-content\/uploads\/2026\/01\/WhatsApp-Image-2026-01-19-at-10.18.25-724x1024.jpeg 724w, https:\/\/cegea.upv.es\/wp-content\/uploads\/2026\/01\/WhatsApp-Image-2026-01-19-at-10.18.25-768x1086.jpeg 768w, https:\/\/cegea.upv.es\/wp-content\/uploads\/2026\/01\/WhatsApp-Image-2026-01-19-at-10.18.25-1086x1536.jpeg 1086w, https:\/\/cegea.upv.es\/wp-content\/uploads\/2026\/01\/WhatsApp-Image-2026-01-19-at-10.18.25-676x956.jpeg 676w, https:\/\/cegea.upv.es\/wp-content\/uploads\/2026\/01\/WhatsApp-Image-2026-01-19-at-10.18.25.jpeg 1131w\" sizes=\"auto, (max-width: 212px) 100vw, 212px\" \/><\/a><\/p>\n<!-- AddThis Advanced Settings generic via filter on the_content --><!-- AddThis Share Buttons generic via filter on the_content -->","protected":false},"excerpt":{"rendered":"<p>El pr\u00f3ximo 20 de enero de 2026, el Centro de Investigaci\u00f3n en Gesti\u00f3n de Empresas (CEGEA) de la Universitat Polit\u00e8cnica de Val\u00e8ncia acoger\u00e1 el III Seminario de Investigaci\u00f3n del Proyecto CIAICO\/2023\/269, dedicado al an\u00e1lisis de las cuestiones m\u00e1s relevantes y actuales de la regulaci\u00f3n jur\u00eddica de las indicaciones geogr\u00e1ficas. Las indicaciones geogr\u00e1ficas constituyen un instrumento [&hellip;]<!-- AddThis Advanced Settings generic via filter on wp_trim_excerpt --><!-- AddThis Share Buttons generic via filter on wp_trim_excerpt --><\/p>\n","protected":false},"author":55669,"featured_media":0,"comment_status":"closed","ping_status":"closed","sticky":false,"template":"","format":"standard","meta":{"footnotes":""},"categories":[496787],"tags":[],"class_list":["post-8614","post","type-post","status-publish","format-standard","hentry","category-sin-categoria-es","post-preview"],"_links":{"self":[{"href":"https:\/\/cegea.upv.es\/index.php?rest_route=\/wp\/v2\/posts\/8614","targetHints":{"allow":["GET"]}}],"collection":[{"href":"https:\/\/cegea.upv.es\/index.php?rest_route=\/wp\/v2\/posts"}],"about":[{"href":"https:\/\/cegea.upv.es\/index.php?rest_route=\/wp\/v2\/types\/post"}],"author":[{"embeddable":true,"href":"https:\/\/cegea.upv.es\/index.php?rest_route=\/wp\/v2\/users\/55669"}],"replies":[{"embeddable":true,"href":"https:\/\/cegea.upv.es\/index.php?rest_route=%2Fwp%2Fv2%2Fcomments&post=8614"}],"version-history":[{"count":1,"href":"https:\/\/cegea.upv.es\/index.php?rest_route=\/wp\/v2\/posts\/8614\/revisions"}],"predecessor-version":[{"id":8623,"href":"https:\/\/cegea.upv.es\/index.php?rest_route=\/wp\/v2\/posts\/8614\/revisions\/8623"}],"wp:attachment":[{"href":"https:\/\/cegea.upv.es\/index.php?rest_route=%2Fwp%2Fv2%2Fmedia&parent=8614"}],"wp:term":[{"taxonomy":"category","embeddable":true,"href":"https:\/\/cegea.upv.es\/index.php?rest_route=%2Fwp%2Fv2%2Fcategories&post=8614"},{"taxonomy":"post_tag","embeddable":true,"href":"https:\/\/cegea.upv.es\/index.php?rest_route=%2Fwp%2Fv2%2Ftags&post=8614"}],"curies":[{"name":"wp","href":"https:\/\/api.w.org\/{rel}","templated":true}]}}